





{"id":74576,"date":"2024-09-14T20:36:24","date_gmt":"2024-09-14T18:36:24","guid":{"rendered":"https:\/\/repliquemangacine.fr\/?p=74576"},"modified":"2024-09-22T14:30:20","modified_gmt":"2024-09-22T12:30:20","slug":"la-guerra-dei-rohirrim-ritorno-alla-terra-di-mezzo","status":"publish","type":"post","link":"https:\/\/repliquemangacine.fr\/it\/la-guerre-des-rohirrim-retour-en-terre-du-milieu\/","title":{"rendered":"La guerra dei Rohirrim: ritorno alla Terra di Mezzo"},"content":{"rendered":"<p>Per cominciare, Il Signore degli Anelli: La guerra dei Rohirrim. Un film d'animazione che uscir\u00e0 in Francia l'11 dicembre 2024. Questa nuova opera ci immerge ben prima degli eventi della famosa trilogia. Un'epoca segnata dal coraggio e dalle epiche battaglie del popolo di Rohan.<\/p>\n<p>La storia si svolge quasi 200 anni prima della trilogia che conosciamo oggi. Durante il regno di Helm Hammerhand, il nono re di Rohan. Questo prequel esplora un momento chiave della storia di Rohan: la guerra contro i Dunlendings. Un conflitto che port\u00f2 alla creazione del Fosso di Helm, la mitica fortezza al centro delle Due Torri.<\/p>\n<p>Ispirato alle appendici de Il ritorno del re, dove Tolkien rivela dettagli affascinanti sulla Casa di Eorl. Se siete curiosi di scoprire di pi\u00f9 sulle origini di questa terra di cavalieri leggendari. In conclusione, la Guerra dei Rohirrim vi offrir\u00e0 uno spettacolo degno di questo nome.<\/p>\n<h2>1. Un cast prestigioso e un ritorno alle origini<\/h2>\n<p>\t\thttps:\/\/www.youtube.com\/watch?v=a_96wcHoJmA<\/p>\n<p>In primo luogo, il cast vocale \u00e8 impressionante, con alcuni attori famosi. Come Brian Cox (Helm Hammerhand) e Miranda Otto, che riprende il suo ruolo di \u00c9owyn per narrare la storia. Inoltre, sebbene Peter Jackson non sia coinvolto in questo progetto, non \u00e8 l'unico. Molti veterani delle trilogie de L'Anello e de Lo Hobbit, come Philippa Boyens (produttrice esecutiva). In effetti, Philippa Boyens sta passando la torcia a sua figlia, Phoebe Gittins. Cresciuta dalla madre sul set delle due trilogie di Peter Jackson. \"Quando sei cresciuto a Rohan, \u00e8 pi\u00f9 facile scrivere un film su Rohan\", dice il produttore del film, Jason DeMarco.<\/p>\n<p>L'animazione, diretta da Kenji Kamiyama, fonde diverse tecniche. In particolare animazione tradizionale e CGI, attingendo all'estetica visiva dei film originali di Peter Jackson. Kamiyama, noto per il suo lavoro e il suo stile, promette di catturare l'essenza eroica e drammatica di Rohan.<\/p>\n<p>Il team tecnico del film ha riunito anche alcune figure leggendarie dei film di Peter Jackson. Gli illustratori John Howe e Alan Lee e lo specialista degli effetti speciali Richard Taylor.<\/p>\n<h2>2. La guerra dei Rohirrim: un progetto atteso da tempo<\/h2>\n<figure>\n\t\t\t\t\t\t\t\t\t\t<img fetchpriority=\"high\" decoding=\"async\" width=\"600\" height=\"300\" src=\"https:\/\/repliquemangacine.fr\/wp-content\/uploads\/2024\/09\/La-Guerre-des-Rohirrim.jpg\" alt=\"Battaglia di La-Guerre-des-Rohirrim\" srcset=\"https:\/\/repliquemangacine.fr\/wp-content\/uploads\/2024\/09\/La-Guerre-des-Rohirrim.jpg 600w, https:\/\/repliquemangacine.fr\/wp-content\/uploads\/2024\/09\/La-Guerre-des-Rohirrim-300x150.jpg 300w, https:\/\/repliquemangacine.fr\/wp-content\/uploads\/2024\/09\/La-Guerre-des-Rohirrim-64x32.jpg 64w\" sizes=\"(max-width: 600px) 100vw, 600px\" \/><figcaption><\/figcaption><\/figure>\n<p>Questo progetto di animazione \u00e8 stato annunciato nel 2021, durante le celebrazioni del 20\u1d49 anniversario de La Compagnia dell'Anello. Va anche detto che l'eccitazione intorno al film \u00e8 continuata a crescere. Le prime immagini presentate al festival di Annecy 2023 confermano la portata del progetto.<\/p>\n<p>E cos\u00ec, al Festival del Cinema d'Animazione di Annecy, Andy Serkis, il celebre interprete di Gollum in particolare, presenta La guerra dei Rohirrim, il film d'animazione di Kenji Kamiyama. presenta La guerra dei Rohirrim, il film d'animazione di Kenji Kamiyama. Inoltre, al festival sono stati proiettati quasi 20 minuti di estratti, oltre a una bella sorpresa per i fan della saga.<\/p>\n<p>Ecco la possibilit\u00e0 di scoprire di pi\u00f9 su ci\u00f2 che ci aspetta, grazie alle immagini di Entertainment Weekly. Sono state utilizzate diverse tecniche di animazione. Dalla CGI all'animazione 2D pi\u00f9 tradizionale, passando per l'uso di tecniche di performance-capture. Per garantire il realismo, gli animatori del film hanno studiato i cavalli e si sono esercitati nell'equitazione.<\/p>\n<h2>3. Scoprite le repliche delle leggendarie spade della Terra di Mezzo<br \/>\n<\/h2>\n<figure>\n\t\t\t\t\t\t\t\t\t\t<img decoding=\"async\" width=\"600\" height=\"300\" src=\"https:\/\/repliquemangacine.fr\/wp-content\/uploads\/2024\/09\/les-epees.jpg\" alt=\"Spade del Signore degli Anelli\" srcset=\"https:\/\/repliquemangacine.fr\/wp-content\/uploads\/2024\/09\/les-epees.jpg 600w, https:\/\/repliquemangacine.fr\/wp-content\/uploads\/2024\/09\/les-epees-300x150.jpg 300w, https:\/\/repliquemangacine.fr\/wp-content\/uploads\/2024\/09\/les-epees-64x32.jpg 64w\" sizes=\"(max-width: 600px) 100vw, 600px\" \/><figcaption><\/figcaption><\/figure>\n<p>Il Signore degli Anelli: la guerra dei Rohirrim\". \u00c8 il momento perfetto per immergersi nel leggendario universo di Tolkien. Un mondo di battaglie epiche, eroi coraggiosi e, naturalmente, armi leggendarie.<\/p>\n<p>Tra queste armi, le spade occupano un posto centrale, come la maestosa <a href=\"https:\/\/repliquemangacine.fr\/it\/spade-e-pugnali-gli-anelli-del-potere\/spada-anduril-aragorn-signore-degli-anelli\/\">And\u00faril<\/a> riforgiata alla fine della Terza Era. La spada dell'antenato di Aragorn, il re Elendil.  Esiste anche una <a href=\"https:\/\/repliquemangacine.fr\/it\/spade-del-signore-degli-anelli\/spada-di-theoden-spada-di-herugrim\/\">\u00a0Herugrim<\/a>brandita da Re Th\u00e9oden. Cos\u00ec come il<a href=\"https:\/\/repliquemangacine.fr\/it\/le-spade-dello-hobbit\/signore-degli-anelli-glamdring-spada-gandalf\/\">Spada Glamdring<\/a> del mago Gandalf. In effetti, \u00e8 la spada sorella della<a href=\"https:\/\/repliquemangacine.fr\/it\/le-spade-dello-hobbit\/spada-orcrist-spada-thorin\/\">Orcrist<\/a> ne Lo Hobbit. E non dimentichiamo la spada Dard di Frodo e molto altro da scoprire.<\/p>\n<p>In conclusione, se siete affascinati da questi simboli di potere e coraggio. La nostra collezione di spade del Signore degli Anelli vi permette di possedere un pezzo di questa leggenda. Perfetta per ogni collezionista o fan dell'universo della Terra di Mezzo.<\/p>\n<h2>4. Perch\u00e9 La guerra dei Rohirrim \u00e8 un film da non perdere<\/h2>\n<figure>\n\t\t\t\t\t\t\t\t\t\t<img decoding=\"async\" width=\"600\" height=\"300\" src=\"https:\/\/repliquemangacine.fr\/wp-content\/uploads\/2024\/09\/La-Guerre-des-Rohirrim-hera.jpg\" alt=\"La-Guerre-des-Rohirrim hera\" srcset=\"https:\/\/repliquemangacine.fr\/wp-content\/uploads\/2024\/09\/La-Guerre-des-Rohirrim-hera.jpg 600w, https:\/\/repliquemangacine.fr\/wp-content\/uploads\/2024\/09\/La-Guerre-des-Rohirrim-hera-300x150.jpg 300w, https:\/\/repliquemangacine.fr\/wp-content\/uploads\/2024\/09\/La-Guerre-des-Rohirrim-hera-64x32.jpg 64w\" sizes=\"(max-width: 600px) 100vw, 600px\" \/><figcaption><\/figcaption><\/figure>\n<p>In primo luogo, il ritorno alla Terra di Mezzo, in forma animata. Questo ci permette di esplorare aspetti raramente toccati nei film precedenti. Inoltre, il regista <a href=\"https:\/\/fr.wikipedia.org\/wiki\/Kenji_Kamiyama\" target=\"_blank\" rel=\"noopener noreferrer\">Kamiyama<\/a> spiegato: <em>Dopo la telefonata della Warner, il mio primo pensiero \u00e8 stato che sarebbe stato impossibile. Sarebbe stato impossibile realizzare questo tipo di storia. Impossibile farlo in animazione manuale. Troppi cavalli, troppi dettagli, troppi personaggi! Stavo per dire di no, ma poi ho capito che un'occasione del genere capita una volta sola nella vita. Dovevo correre il rischio.  \"Fin dall'inizio, questo film \u00e8 stato un salto nel buio. L'abbiamo fatto per amore di questo universo e di questo mondo. Ogni volta abbiamo avuto dei dubbi, ogni volta ci siamo persi. C'era Tolkien e c'era Philippa, la sua magnifica sceneggiatura e i suoi favolosi personaggi. Il film \u00e8 stato un viaggio nell'ignoto. Pensare che l'uscita \u00e8 prevista per Natale sembra incredibile. Abbiamo combattuto una guerra che sta per finire. Speriamo che giudicherete che ne siamo usciti vittoriosi\".<\/em><\/p>\n<p>\u00a0<\/p>","protected":false},"excerpt":{"rendered":"<p>Pour commencer, Le Seigneur des Anneaux : La Guerre des Rohirrim&#8221;. Un film d&#8217;animation pr\u00e9vu pour le 11 d\u00e9cembre 2024 en France. Ce nouvel opus nous plonge bien avant les \u00e9v\u00e9nements de la c\u00e9l\u00e8bre trilogie. Dans une \u00e9poque marqu\u00e9e par le courage et les batailles \u00e9piques du peuple du Rohan. En effet, l&#8217;histoire se d\u00e9roule [&hellip;]<\/p>\n","protected":false},"author":7689,"featured_media":74765,"comment_status":"closed","ping_status":"closed","sticky":false,"template":"","format":"standard","meta":{"footnotes":""},"categories":[840],"tags":[],"class_list":["post-74576","post","type-post","status-publish","format-standard","has-post-thumbnail","hentry","category-evenements"],"yoast_head":"<!-- This site is optimized with the Yoast SEO plugin v27.5 - https:\/\/yoast.com\/product\/yoast-seo-wordpress\/ -->\n<title>La Guerre des Rohirrim : Retour en Terre du Milieu<\/title>\n<meta name=\"description\" content=\"Tout savoir sur La Guerre des Rohirrim : Retour en Terre du Milieu avec un pr\u00e9quel \u00e9pique ! Pr\u00e9parez-vous \u00e0 revivre la magie de cet univers\" \/>\n<meta name=\"robots\" content=\"index, follow, max-snippet:-1, max-image-preview:large, max-video-preview:-1\" \/>\n<link rel=\"canonical\" href=\"https:\/\/repliquemangacine.fr\/it\/la-guerra-dei-rohirrim-ritorno-alla-terra-di-mezzo\/\" \/>\n<meta property=\"og:locale\" content=\"it_IT\" \/>\n<meta property=\"og:type\" content=\"article\" \/>\n<meta property=\"og:title\" content=\"La Guerre des Rohirrim : Retour en Terre du Milieu\" \/>\n<meta property=\"og:description\" content=\"Tout savoir sur La Guerre des Rohirrim : Retour en Terre du Milieu avec un pr\u00e9quel \u00e9pique ! Pr\u00e9parez-vous \u00e0 revivre la magie de cet univers\" \/>\n<meta property=\"og:url\" content=\"https:\/\/repliquemangacine.fr\/it\/la-guerra-dei-rohirrim-ritorno-alla-terra-di-mezzo\/\" \/>\n<meta property=\"og:site_name\" content=\"R\u00e9plique Manga Cin\u00e9\" \/>\n<meta property=\"article:publisher\" content=\"https:\/\/www.facebook.com\/RepliqueMangaCine\" \/>\n<meta property=\"article:published_time\" content=\"2024-09-14T18:36:24+00:00\" \/>\n<meta property=\"article:modified_time\" content=\"2024-09-22T12:30:20+00:00\" \/>\n<meta property=\"og:image\" content=\"https:\/\/repliquemangacine.fr\/wp-content\/uploads\/2024\/09\/vignette.jpg\" \/>\n\t<meta property=\"og:image:width\" content=\"600\" \/>\n\t<meta property=\"og:image:height\" content=\"300\" \/>\n\t<meta property=\"og:image:type\" content=\"image\/jpeg\" \/>\n<meta name=\"author\" content=\"coquizart RMC\" \/>\n<meta name=\"twitter:card\" content=\"summary_large_image\" \/>\n<meta name=\"twitter:label1\" content=\"Scritto da\" \/>\n\t<meta name=\"twitter:data1\" content=\"coquizart RMC\" \/>\n\t<meta name=\"twitter:label2\" content=\"Tempo di lettura stimato\" \/>\n\t<meta name=\"twitter:data2\" content=\"6 minuti\" \/>\n<script type=\"application\/ld+json\" class=\"yoast-schema-graph\">{\"@context\":\"https:\\\/\\\/schema.org\",\"@graph\":[{\"@type\":[\"Article\",\"BlogPosting\"],\"@id\":\"https:\\\/\\\/repliquemangacine.fr\\\/la-guerre-des-rohirrim-retour-en-terre-du-milieu\\\/#article\",\"isPartOf\":{\"@id\":\"https:\\\/\\\/repliquemangacine.fr\\\/la-guerre-des-rohirrim-retour-en-terre-du-milieu\\\/\"},\"author\":{\"name\":\"coquizart RMC\",\"@id\":\"https:\\\/\\\/repliquemangacine.fr\\\/#\\\/schema\\\/person\\\/08aed5adc9a5f0461480af5bd8fda389\"},\"headline\":\"La Guerre des Rohirrim : Retour en Terre du Milieu\",\"datePublished\":\"2024-09-14T18:36:24+00:00\",\"dateModified\":\"2024-09-22T12:30:20+00:00\",\"mainEntityOfPage\":{\"@id\":\"https:\\\/\\\/repliquemangacine.fr\\\/la-guerre-des-rohirrim-retour-en-terre-du-milieu\\\/\"},\"wordCount\":1007,\"publisher\":{\"@id\":\"https:\\\/\\\/repliquemangacine.fr\\\/#organization\"},\"image\":{\"@id\":\"https:\\\/\\\/repliquemangacine.fr\\\/la-guerre-des-rohirrim-retour-en-terre-du-milieu\\\/#primaryimage\"},\"thumbnailUrl\":\"https:\\\/\\\/repliquemangacine.fr\\\/wp-content\\\/uploads\\\/2024\\\/09\\\/vignette.jpg\",\"articleSection\":[\"Ev\u00e8nements\"],\"inLanguage\":\"it-IT\"},{\"@type\":\"WebPage\",\"@id\":\"https:\\\/\\\/repliquemangacine.fr\\\/la-guerre-des-rohirrim-retour-en-terre-du-milieu\\\/\",\"url\":\"https:\\\/\\\/repliquemangacine.fr\\\/la-guerre-des-rohirrim-retour-en-terre-du-milieu\\\/\",\"name\":\"La Guerre des Rohirrim : Retour en Terre du Milieu\",\"isPartOf\":{\"@id\":\"https:\\\/\\\/repliquemangacine.fr\\\/#website\"},\"primaryImageOfPage\":{\"@id\":\"https:\\\/\\\/repliquemangacine.fr\\\/la-guerre-des-rohirrim-retour-en-terre-du-milieu\\\/#primaryimage\"},\"image\":{\"@id\":\"https:\\\/\\\/repliquemangacine.fr\\\/la-guerre-des-rohirrim-retour-en-terre-du-milieu\\\/#primaryimage\"},\"thumbnailUrl\":\"https:\\\/\\\/repliquemangacine.fr\\\/wp-content\\\/uploads\\\/2024\\\/09\\\/vignette.jpg\",\"datePublished\":\"2024-09-14T18:36:24+00:00\",\"dateModified\":\"2024-09-22T12:30:20+00:00\",\"description\":\"Tout savoir sur La Guerre des Rohirrim : Retour en Terre du Milieu avec un pr\u00e9quel \u00e9pique ! Pr\u00e9parez-vous \u00e0 revivre la magie de cet univers\",\"breadcrumb\":{\"@id\":\"https:\\\/\\\/repliquemangacine.fr\\\/la-guerre-des-rohirrim-retour-en-terre-du-milieu\\\/#breadcrumb\"},\"inLanguage\":\"it-IT\",\"potentialAction\":[{\"@type\":\"ReadAction\",\"target\":[\"https:\\\/\\\/repliquemangacine.fr\\\/la-guerre-des-rohirrim-retour-en-terre-du-milieu\\\/\"]}]},{\"@type\":\"ImageObject\",\"inLanguage\":\"it-IT\",\"@id\":\"https:\\\/\\\/repliquemangacine.fr\\\/la-guerre-des-rohirrim-retour-en-terre-du-milieu\\\/#primaryimage\",\"url\":\"https:\\\/\\\/repliquemangacine.fr\\\/wp-content\\\/uploads\\\/2024\\\/09\\\/vignette.jpg\",\"contentUrl\":\"https:\\\/\\\/repliquemangacine.fr\\\/wp-content\\\/uploads\\\/2024\\\/09\\\/vignette.jpg\",\"width\":600,\"height\":300,\"caption\":\"The War of the Rohirrim\"},{\"@type\":\"BreadcrumbList\",\"@id\":\"https:\\\/\\\/repliquemangacine.fr\\\/la-guerre-des-rohirrim-retour-en-terre-du-milieu\\\/#breadcrumb\",\"itemListElement\":[{\"@type\":\"ListItem\",\"position\":1,\"name\":\"Accueil\",\"item\":\"https:\\\/\\\/repliquemangacine.fr\\\/\"},{\"@type\":\"ListItem\",\"position\":2,\"name\":\"La Guerre des Rohirrim : Retour en Terre du Milieu\"}]},{\"@type\":\"WebSite\",\"@id\":\"https:\\\/\\\/repliquemangacine.fr\\\/#website\",\"url\":\"https:\\\/\\\/repliquemangacine.fr\\\/\",\"name\":\"R\u00e9plique Manga Cin\u00e9\",\"description\":\"\",\"publisher\":{\"@id\":\"https:\\\/\\\/repliquemangacine.fr\\\/#organization\"},\"potentialAction\":[{\"@type\":\"SearchAction\",\"target\":{\"@type\":\"EntryPoint\",\"urlTemplate\":\"https:\\\/\\\/repliquemangacine.fr\\\/?s={search_term_string}\"},\"query-input\":{\"@type\":\"PropertyValueSpecification\",\"valueRequired\":true,\"valueName\":\"search_term_string\"}}],\"inLanguage\":\"it-IT\"},{\"@type\":\"Organization\",\"@id\":\"https:\\\/\\\/repliquemangacine.fr\\\/#organization\",\"name\":\"R\u00e9plique Manga Cin\u00e9\",\"url\":\"https:\\\/\\\/repliquemangacine.fr\\\/\",\"logo\":{\"@type\":\"ImageObject\",\"inLanguage\":\"it-IT\",\"@id\":\"https:\\\/\\\/repliquemangacine.fr\\\/#\\\/schema\\\/logo\\\/image\\\/\",\"url\":\"https:\\\/\\\/repliquemangacine.fr\\\/wp-content\\\/uploads\\\/2023\\\/10\\\/RMC-500250.png\",\"contentUrl\":\"https:\\\/\\\/repliquemangacine.fr\\\/wp-content\\\/uploads\\\/2023\\\/10\\\/RMC-500250.png\",\"width\":500,\"height\":250,\"caption\":\"R\u00e9plique Manga Cin\u00e9\"},\"image\":{\"@id\":\"https:\\\/\\\/repliquemangacine.fr\\\/#\\\/schema\\\/logo\\\/image\\\/\"},\"sameAs\":[\"https:\\\/\\\/www.facebook.com\\\/RepliqueMangaCine\",\"https:\\\/\\\/www.instagram.com\\\/repliquemangacine.fr\\\/\"]},{\"@type\":\"Person\",\"@id\":\"https:\\\/\\\/repliquemangacine.fr\\\/#\\\/schema\\\/person\\\/08aed5adc9a5f0461480af5bd8fda389\",\"name\":\"coquizart RMC\"}]}<\/script>\n<!-- \/ Yoast SEO plugin. -->","yoast_head_json":{"title":"La guerra dei Rohirrim: ritorno alla Terra di Mezzo","description":"Tutto quello che dovete sapere su La guerra dei Rohirrim: tornate nella Terra di Mezzo con un epico prequel! Preparatevi a rivivere la magia di questo universo!","robots":{"index":"index","follow":"follow","max-snippet":"max-snippet:-1","max-image-preview":"max-image-preview:large","max-video-preview":"max-video-preview:-1"},"canonical":"https:\/\/repliquemangacine.fr\/it\/la-guerra-dei-rohirrim-ritorno-alla-terra-di-mezzo\/","og_locale":"it_IT","og_type":"article","og_title":"La Guerre des Rohirrim : Retour en Terre du Milieu","og_description":"Tout savoir sur La Guerre des Rohirrim : Retour en Terre du Milieu avec un pr\u00e9quel \u00e9pique ! Pr\u00e9parez-vous \u00e0 revivre la magie de cet univers","og_url":"https:\/\/repliquemangacine.fr\/it\/la-guerra-dei-rohirrim-ritorno-alla-terra-di-mezzo\/","og_site_name":"R\u00e9plique Manga Cin\u00e9","article_publisher":"https:\/\/www.facebook.com\/RepliqueMangaCine","article_published_time":"2024-09-14T18:36:24+00:00","article_modified_time":"2024-09-22T12:30:20+00:00","og_image":[{"width":600,"height":300,"url":"https:\/\/repliquemangacine.fr\/wp-content\/uploads\/2024\/09\/vignette.jpg","type":"image\/jpeg"}],"author":"coquizart RMC","twitter_card":"summary_large_image","twitter_misc":{"Scritto da":"coquizart RMC","Tempo di lettura stimato":"6 minuti"},"schema":{"@context":"https:\/\/schema.org","@graph":[{"@type":["Article","BlogPosting"],"@id":"https:\/\/repliquemangacine.fr\/la-guerre-des-rohirrim-retour-en-terre-du-milieu\/#article","isPartOf":{"@id":"https:\/\/repliquemangacine.fr\/la-guerre-des-rohirrim-retour-en-terre-du-milieu\/"},"author":{"name":"coquizart RMC","@id":"https:\/\/repliquemangacine.fr\/#\/schema\/person\/08aed5adc9a5f0461480af5bd8fda389"},"headline":"La Guerre des Rohirrim : Retour en Terre du Milieu","datePublished":"2024-09-14T18:36:24+00:00","dateModified":"2024-09-22T12:30:20+00:00","mainEntityOfPage":{"@id":"https:\/\/repliquemangacine.fr\/la-guerre-des-rohirrim-retour-en-terre-du-milieu\/"},"wordCount":1007,"publisher":{"@id":"https:\/\/repliquemangacine.fr\/#organization"},"image":{"@id":"https:\/\/repliquemangacine.fr\/la-guerre-des-rohirrim-retour-en-terre-du-milieu\/#primaryimage"},"thumbnailUrl":"https:\/\/repliquemangacine.fr\/wp-content\/uploads\/2024\/09\/vignette.jpg","articleSection":["Ev\u00e8nements"],"inLanguage":"it-IT"},{"@type":"WebPage","@id":"https:\/\/repliquemangacine.fr\/la-guerre-des-rohirrim-retour-en-terre-du-milieu\/","url":"https:\/\/repliquemangacine.fr\/la-guerre-des-rohirrim-retour-en-terre-du-milieu\/","name":"La guerra dei Rohirrim: ritorno alla Terra di Mezzo","isPartOf":{"@id":"https:\/\/repliquemangacine.fr\/#website"},"primaryImageOfPage":{"@id":"https:\/\/repliquemangacine.fr\/la-guerre-des-rohirrim-retour-en-terre-du-milieu\/#primaryimage"},"image":{"@id":"https:\/\/repliquemangacine.fr\/la-guerre-des-rohirrim-retour-en-terre-du-milieu\/#primaryimage"},"thumbnailUrl":"https:\/\/repliquemangacine.fr\/wp-content\/uploads\/2024\/09\/vignette.jpg","datePublished":"2024-09-14T18:36:24+00:00","dateModified":"2024-09-22T12:30:20+00:00","description":"Tutto quello che dovete sapere su La guerra dei Rohirrim: tornate nella Terra di Mezzo con un epico prequel! Preparatevi a rivivere la magia di questo universo!","breadcrumb":{"@id":"https:\/\/repliquemangacine.fr\/la-guerre-des-rohirrim-retour-en-terre-du-milieu\/#breadcrumb"},"inLanguage":"it-IT","potentialAction":[{"@type":"ReadAction","target":["https:\/\/repliquemangacine.fr\/la-guerre-des-rohirrim-retour-en-terre-du-milieu\/"]}]},{"@type":"ImageObject","inLanguage":"it-IT","@id":"https:\/\/repliquemangacine.fr\/la-guerre-des-rohirrim-retour-en-terre-du-milieu\/#primaryimage","url":"https:\/\/repliquemangacine.fr\/wp-content\/uploads\/2024\/09\/vignette.jpg","contentUrl":"https:\/\/repliquemangacine.fr\/wp-content\/uploads\/2024\/09\/vignette.jpg","width":600,"height":300,"caption":"The War of the Rohirrim"},{"@type":"BreadcrumbList","@id":"https:\/\/repliquemangacine.fr\/la-guerre-des-rohirrim-retour-en-terre-du-milieu\/#breadcrumb","itemListElement":[{"@type":"ListItem","position":1,"name":"Accueil","item":"https:\/\/repliquemangacine.fr\/"},{"@type":"ListItem","position":2,"name":"La Guerre des Rohirrim : Retour en Terre du Milieu"}]},{"@type":"WebSite","@id":"https:\/\/repliquemangacine.fr\/#website","url":"https:\/\/repliquemangacine.fr\/","name":"R\u00e9plique Manga Cin\u00e9","description":"","publisher":{"@id":"https:\/\/repliquemangacine.fr\/#organization"},"potentialAction":[{"@type":"SearchAction","target":{"@type":"EntryPoint","urlTemplate":"https:\/\/repliquemangacine.fr\/?s={search_term_string}"},"query-input":{"@type":"PropertyValueSpecification","valueRequired":true,"valueName":"search_term_string"}}],"inLanguage":"it-IT"},{"@type":"Organization","@id":"https:\/\/repliquemangacine.fr\/#organization","name":"R\u00e9plique Manga Cin\u00e9","url":"https:\/\/repliquemangacine.fr\/","logo":{"@type":"ImageObject","inLanguage":"it-IT","@id":"https:\/\/repliquemangacine.fr\/#\/schema\/logo\/image\/","url":"https:\/\/repliquemangacine.fr\/wp-content\/uploads\/2023\/10\/RMC-500250.png","contentUrl":"https:\/\/repliquemangacine.fr\/wp-content\/uploads\/2023\/10\/RMC-500250.png","width":500,"height":250,"caption":"R\u00e9plique Manga Cin\u00e9"},"image":{"@id":"https:\/\/repliquemangacine.fr\/#\/schema\/logo\/image\/"},"sameAs":["https:\/\/www.facebook.com\/RepliqueMangaCine","https:\/\/www.instagram.com\/repliquemangacine.fr\/"]},{"@type":"Person","@id":"https:\/\/repliquemangacine.fr\/#\/schema\/person\/08aed5adc9a5f0461480af5bd8fda389","name":"coquizart RMC"}]}},"_links":{"self":[{"href":"https:\/\/repliquemangacine.fr\/it\/wp-json\/wp\/v2\/posts\/74576","targetHints":{"allow":["GET"]}}],"collection":[{"href":"https:\/\/repliquemangacine.fr\/it\/wp-json\/wp\/v2\/posts"}],"about":[{"href":"https:\/\/repliquemangacine.fr\/it\/wp-json\/wp\/v2\/types\/post"}],"author":[{"embeddable":true,"href":"https:\/\/repliquemangacine.fr\/it\/wp-json\/wp\/v2\/users\/7689"}],"replies":[{"embeddable":true,"href":"https:\/\/repliquemangacine.fr\/it\/wp-json\/wp\/v2\/comments?post=74576"}],"version-history":[{"count":5,"href":"https:\/\/repliquemangacine.fr\/it\/wp-json\/wp\/v2\/posts\/74576\/revisions"}],"predecessor-version":[{"id":82666,"href":"https:\/\/repliquemangacine.fr\/it\/wp-json\/wp\/v2\/posts\/74576\/revisions\/82666"}],"wp:featuredmedia":[{"embeddable":true,"href":"https:\/\/repliquemangacine.fr\/it\/wp-json\/wp\/v2\/media\/74765"}],"wp:attachment":[{"href":"https:\/\/repliquemangacine.fr\/it\/wp-json\/wp\/v2\/media?parent=74576"}],"wp:term":[{"taxonomy":"category","embeddable":true,"href":"https:\/\/repliquemangacine.fr\/it\/wp-json\/wp\/v2\/categories?post=74576"},{"taxonomy":"post_tag","embeddable":true,"href":"https:\/\/repliquemangacine.fr\/it\/wp-json\/wp\/v2\/tags?post=74576"}],"curies":[{"name":"wp","href":"https:\/\/api.w.org\/{rel}","templated":true}]}}