





{"id":69818,"date":"2024-03-02T20:02:24","date_gmt":"2024-03-02T19:02:24","guid":{"rendered":"https:\/\/repliquemangacine.fr\/?p=69818"},"modified":"2024-03-09T14:57:23","modified_gmt":"2024-03-09T13:57:23","slug":"gli-anelli-del-potere-stagione-2","status":"publish","type":"post","link":"https:\/\/repliquemangacine.fr\/it\/les-anneaux-de-pouvoir-saison-2\/","title":{"rendered":"\"Gli anelli del potere\" Stagione 2"},"content":{"rendered":"<div data-elementor-type=\"wp-post\" data-elementor-id=\"69818\" class=\"elementor elementor-69818\" data-elementor-post-type=\"post\">\n\t\t\t\t\t\t<section class=\"elementor-section elementor-top-section elementor-element elementor-element-5d654018 elementor-section-boxed elementor-section-height-default elementor-section-height-default\" data-id=\"5d654018\" data-element_type=\"section\" data-e-type=\"section\">\n\t\t\t\t\t\t<div class=\"elementor-container elementor-column-gap-default\">\n\t\t\t\t\t<div class=\"elementor-column elementor-col-100 elementor-top-column elementor-element elementor-element-dbf6ea6\" data-id=\"dbf6ea6\" data-element_type=\"column\" data-e-type=\"column\">\n\t\t\t<div class=\"elementor-widget-wrap elementor-element-populated\">\n\t\t\t\t\t\t<div class=\"elementor-element elementor-element-21164e9a elementor-widget elementor-widget-theme-post-title elementor-page-title elementor-widget-heading\" data-id=\"21164e9a\" data-element_type=\"widget\" data-e-type=\"widget\" data-widget_type=\"theme-post-title.default\">\n\t\t\t\t<div class=\"elementor-widget-container\">\n\t\t\t\t\t<h1 class=\"elementor-heading-title elementor-size-default\">\"Gli anelli del potere\" Stagione 2<\/h1>\t\t\t\t<\/div>\n\t\t\t\t<\/div>\n\t\t\t\t<div class=\"elementor-element elementor-element-675b7a72 elementor-widget elementor-widget-image\" data-id=\"675b7a72\" data-element_type=\"widget\" data-e-type=\"widget\" data-widget_type=\"image.default\">\n\t\t\t\t<div class=\"elementor-widget-container\">\n\t\t\t\t\t\t\t\t\t\t\t\t\t\t\t<img fetchpriority=\"high\" decoding=\"async\" width=\"600\" height=\"300\" src=\"https:\/\/repliquemangacine.fr\/wp-content\/uploads\/2024\/03\/Les-Anneaux-de-Pouvoir-Saison-2.jpg\" class=\"attachment-large size-large wp-image-69819\" alt=\"&quot;Gli anelli del potere&quot; Stagione 2\" srcset=\"https:\/\/repliquemangacine.fr\/wp-content\/uploads\/2024\/03\/Les-Anneaux-de-Pouvoir-Saison-2.jpg 600w, https:\/\/repliquemangacine.fr\/wp-content\/uploads\/2024\/03\/Les-Anneaux-de-Pouvoir-Saison-2-300x150.jpg 300w, https:\/\/repliquemangacine.fr\/wp-content\/uploads\/2024\/03\/Les-Anneaux-de-Pouvoir-Saison-2-64x32.jpg 64w\" sizes=\"(max-width: 600px) 100vw, 600px\" \/>\t\t\t\t\t\t\t\t\t\t\t\t\t\t\t<\/div>\n\t\t\t\t<\/div>\n\t\t\t\t<div class=\"elementor-element elementor-element-746fe9c4 elementor-widget elementor-widget-text-editor\" data-id=\"746fe9c4\" data-element_type=\"widget\" data-e-type=\"widget\" data-widget_type=\"text-editor.default\">\n\t\t\t\t<div class=\"elementor-widget-container\">\n\t\t\t\t\t\t\t\t\t<p>La seconda stagione de \"Il Signore degli Anelli: Gli Anelli del Potere\" su Prime Video promette di essere ricca di sviluppi e sorprese, sulla scia della mitologia della Terra di Mezzo.<\/p>\t\t\t\t\t\t\t\t<\/div>\n\t\t\t\t<\/div>\n\t\t\t\t\t<\/div>\n\t\t<\/div>\n\t\t\t\t\t<\/div>\n\t\t<\/section>\n\t\t\t\t<section class=\"elementor-section elementor-top-section elementor-element elementor-element-367d4027 elementor-section-boxed elementor-section-height-default elementor-section-height-default\" data-id=\"367d4027\" data-element_type=\"section\" data-e-type=\"section\">\n\t\t\t\t\t\t<div class=\"elementor-container elementor-column-gap-default\">\n\t\t\t\t\t<div class=\"elementor-column elementor-col-100 elementor-top-column elementor-element elementor-element-58868a9e\" data-id=\"58868a9e\" data-element_type=\"column\" data-e-type=\"column\">\n\t\t\t<div class=\"elementor-widget-wrap elementor-element-populated\">\n\t\t\t\t\t\t<div class=\"elementor-element elementor-element-18509a31 elementor-widget elementor-widget-heading\" data-id=\"18509a31\" data-element_type=\"widget\" data-e-type=\"widget\" data-widget_type=\"heading.default\">\n\t\t\t\t<div class=\"elementor-widget-container\">\n\t\t\t\t\t<h2 class=\"elementor-heading-title elementor-size-default\">1. Un ritorno alla Terra di Mezzo<\/h2>\t\t\t\t<\/div>\n\t\t\t\t<\/div>\n\t\t\t\t<div class=\"elementor-element elementor-element-7b69781 elementor-widget elementor-widget-video\" data-id=\"7b69781\" data-element_type=\"widget\" data-e-type=\"widget\" data-settings=\"{&quot;youtube_url&quot;:&quot;https:\\\/\\\/www.youtube.com\\\/watch?v=igYOjtB5tqo&quot;,&quot;video_type&quot;:&quot;youtube&quot;,&quot;controls&quot;:&quot;yes&quot;}\" data-widget_type=\"video.default\">\n\t\t\t\t<div class=\"elementor-widget-container\">\n\t\t\t\t\t\t\t<div class=\"elementor-wrapper elementor-open-inline\">\n\t\t\t<div class=\"elementor-video\"><\/div>\t\t<\/div>\n\t\t\t\t\t\t<\/div>\n\t\t\t\t<\/div>\n\t\t\t\t<div class=\"elementor-element elementor-element-2a6b26b6 elementor-widget elementor-widget-text-editor\" data-id=\"2a6b26b6\" data-element_type=\"widget\" data-e-type=\"widget\" data-widget_type=\"text-editor.default\">\n\t\t\t\t<div class=\"elementor-widget-container\">\n\t\t\t\t\t\t\t\t\t<p>La Terra di Mezzo si prepara ancora una volta ad aprire le porte ai fan con l'imminente uscita della seconda stagione de \"Il Signore degli Anelli: Gli Anelli del Potere\".<\/p><p>Dopo una prima stagione che ha gettato le basi per un mondo ricco di magia, conflitti e missioni eroiche. Il finale di stagione \u00e8 stato spettacolare. Abbiamo scoperto chi sono veramente Sauron e lo Straniero.<\/p><p>La data di uscita della stagione non \u00e8 ancora stata rivelata ufficialmente da Prime Video. Jennifer Salke, capo degli Amazon Studios, ha lasciato intendere che si sta procedendo pi\u00f9 rapidamente e che la velocit\u00e0 \u00e8 fondamentale per la nuova stagione. \"La manderemo in onda il prima possibile\", ha dichiarato Jennifer Salke a Variety. Ovviamente, questo potrebbe significare che la serie andr\u00e0 in onda a met\u00e0 del 2024.<\/p><p>Questa nuova stagione promette di approfondire le trame e di sviluppare i personaggi che abbiamo imparato a conoscere e ad amare. Gli spettatori possono aspettarsi di rivedere Galadriel, Elrond e molte altre figure iconiche. Oltre a nuovi volti che si uniranno a questa epica avventura.<\/p>\t\t\t\t\t\t\t\t<\/div>\n\t\t\t\t<\/div>\n\t\t\t\t\t<\/div>\n\t\t<\/div>\n\t\t\t\t\t<\/div>\n\t\t<\/section>\n\t\t\t\t<section class=\"elementor-section elementor-top-section elementor-element elementor-element-2e23196c elementor-section-boxed elementor-section-height-default elementor-section-height-default\" data-id=\"2e23196c\" data-element_type=\"section\" data-e-type=\"section\">\n\t\t\t\t\t\t<div class=\"elementor-container elementor-column-gap-default\">\n\t\t\t\t\t<div class=\"elementor-column elementor-col-100 elementor-top-column elementor-element elementor-element-fa24ae4\" data-id=\"fa24ae4\" data-element_type=\"column\" data-e-type=\"column\">\n\t\t\t<div class=\"elementor-widget-wrap elementor-element-populated\">\n\t\t\t\t\t\t<div class=\"elementor-element elementor-element-7abb1a44 elementor-widget elementor-widget-heading\" data-id=\"7abb1a44\" data-element_type=\"widget\" data-e-type=\"widget\" data-widget_type=\"heading.default\">\n\t\t\t\t<div class=\"elementor-widget-container\">\n\t\t\t\t\t<h2 class=\"elementor-heading-title elementor-size-default\">2. Gli Anelli del Potere: un cast leggendario<\/h2>\t\t\t\t<\/div>\n\t\t\t\t<\/div>\n\t\t\t\t<div class=\"elementor-element elementor-element-57281da3 elementor-widget elementor-widget-image\" data-id=\"57281da3\" data-element_type=\"widget\" data-e-type=\"widget\" data-widget_type=\"image.default\">\n\t\t\t\t<div class=\"elementor-widget-container\">\n\t\t\t\t\t\t\t\t\t\t\t\t<figure class=\"wp-caption\">\n\t\t\t\t\t\t\t\t\t\t<img decoding=\"async\" width=\"600\" height=\"300\" src=\"https:\/\/repliquemangacine.fr\/wp-content\/uploads\/2024\/03\/Les-anneaux-de-Pouvoir.jpg\" class=\"attachment-large size-large wp-image-69832\" alt=\"Anelli del potere\" srcset=\"https:\/\/repliquemangacine.fr\/wp-content\/uploads\/2024\/03\/Les-anneaux-de-Pouvoir.jpg 600w, https:\/\/repliquemangacine.fr\/wp-content\/uploads\/2024\/03\/Les-anneaux-de-Pouvoir-300x150.jpg 300w, https:\/\/repliquemangacine.fr\/wp-content\/uploads\/2024\/03\/Les-anneaux-de-Pouvoir-64x32.jpg 64w\" sizes=\"(max-width: 600px) 100vw, 600px\" \/>\t\t\t\t\t\t\t\t\t\t\t<figcaption class=\"widget-image-caption wp-caption-text\"><\/figcaption>\n\t\t\t\t\t\t\t\t\t\t<\/figure>\n\t\t\t\t\t\t\t\t\t<\/div>\n\t\t\t\t<\/div>\n\t\t\t\t<div class=\"elementor-element elementor-element-2ab9660e elementor-widget elementor-widget-text-editor\" data-id=\"2ab9660e\" data-element_type=\"widget\" data-e-type=\"widget\" data-widget_type=\"text-editor.default\">\n\t\t\t\t<div class=\"elementor-widget-container\">\n\t\t\t\t\t\t\t\t\t<p>La forza di \"Gli anelli del potere\" non risiede solo nella sua storia avvincente, ma anche nel suo cast eccezionale. Con un mix di volti noti e nuovi talenti. Il ritorno di personaggi amatissimi come Galadriel, interpretata da <a href=\"https:\/\/lotr.fandom.com\/fr\/wiki\/Morfydd_Clark\">Morfydd Clark<\/a>ed Elrond, interpretato da Robert Aramayo. Anche Charlie Vickers torner\u00e0 nel ruolo di Sauron. Cos\u00ec come gli elfi Gil-galad (Benjamin Walker), Celebrimbor (Charles Edwards) e Arondir (Ismael Cruz Cordova).<\/p><p>In Num\u00e9nor, c'\u00e8 improvvisamente spazio in alto. Miriel (Cynthia Addai-Robinson) \u00e8 in lutto per la morte del padre. Elendil (Lloyd Owen) potrebbe restare al suo fianco. E non dimentichiamo i nani, Durin III (Owain Arthur) e Disa (Sophia Nomvete).<\/p><p>Owain Arthur, che interpreta Durin, ha dichiarato in un'intervista: \"La vita di Durin \u00e8 cambiata e ne vedremo il risultato nella seconda stagione. C'\u00e8 molta oscurit\u00e0 che si sta sviluppando nella Terra di Mezzo... e quell'oscurit\u00e0 ha certamente colpito Durin\".<\/p><p>Questo cast di talento garantisce la continuit\u00e0 con la prima stagione. Mentre l'introduzione di nuovi attori promette di arricchire l'universo con nuove prospettive e dinamiche.<\/p>\t\t\t\t\t\t\t\t<\/div>\n\t\t\t\t<\/div>\n\t\t\t\t\t<\/div>\n\t\t<\/div>\n\t\t\t\t\t<\/div>\n\t\t<\/section>\n\t\t\t\t<section class=\"elementor-section elementor-top-section elementor-element elementor-element-25da695b elementor-section-boxed elementor-section-height-default elementor-section-height-default\" data-id=\"25da695b\" data-element_type=\"section\" data-e-type=\"section\">\n\t\t\t\t\t\t<div class=\"elementor-container elementor-column-gap-default\">\n\t\t\t\t\t<div class=\"elementor-column elementor-col-100 elementor-top-column elementor-element elementor-element-1317b52\" data-id=\"1317b52\" data-element_type=\"column\" data-e-type=\"column\">\n\t\t\t<div class=\"elementor-widget-wrap elementor-element-populated\">\n\t\t\t\t\t\t<div class=\"elementor-element elementor-element-270d193c elementor-widget elementor-widget-heading\" data-id=\"270d193c\" data-element_type=\"widget\" data-e-type=\"widget\" data-widget_type=\"heading.default\">\n\t\t\t\t<div class=\"elementor-widget-container\">\n\t\t\t\t\t<h2 class=\"elementor-heading-title elementor-size-default\">3. Gli Anelli del Potere stagione 2: nuovi personaggi<\/h2>\t\t\t\t<\/div>\n\t\t\t\t<\/div>\n\t\t\t\t<div class=\"elementor-element elementor-element-5fe686d2 elementor-widget elementor-widget-image\" data-id=\"5fe686d2\" data-element_type=\"widget\" data-e-type=\"widget\" data-widget_type=\"image.default\">\n\t\t\t\t<div class=\"elementor-widget-container\">\n\t\t\t\t\t\t\t\t\t\t\t\t<figure class=\"wp-caption\">\n\t\t\t\t\t\t\t\t\t\t<img decoding=\"async\" width=\"600\" height=\"300\" src=\"https:\/\/repliquemangacine.fr\/wp-content\/uploads\/2024\/03\/Les-anneaux-de-Pouvoir-casting.jpg\" class=\"attachment-large size-large wp-image-69831\" alt=\"\" srcset=\"https:\/\/repliquemangacine.fr\/wp-content\/uploads\/2024\/03\/Les-anneaux-de-Pouvoir-casting.jpg 600w, https:\/\/repliquemangacine.fr\/wp-content\/uploads\/2024\/03\/Les-anneaux-de-Pouvoir-casting-300x150.jpg 300w, https:\/\/repliquemangacine.fr\/wp-content\/uploads\/2024\/03\/Les-anneaux-de-Pouvoir-casting-64x32.jpg 64w\" sizes=\"(max-width: 600px) 100vw, 600px\" \/>\t\t\t\t\t\t\t\t\t\t\t<figcaption class=\"widget-image-caption wp-caption-text\"><\/figcaption>\n\t\t\t\t\t\t\t\t\t\t<\/figure>\n\t\t\t\t\t\t\t\t\t<\/div>\n\t\t\t\t<\/div>\n\t\t\t\t<div class=\"elementor-element elementor-element-5aa9fd1f elementor-widget elementor-widget-text-editor\" data-id=\"5aa9fd1f\" data-element_type=\"widget\" data-e-type=\"widget\" data-widget_type=\"text-editor.default\">\n\t\t\t\t<div class=\"elementor-widget-container\">\n\t\t\t\t\t\t\t\t\t<p>Al momento in cui scriviamo, molti nuovi personaggi si stanno aggiungendo alla serie. Secondo The Hollywood Reporter, Cirdan, \"uno degli elfi pi\u00f9 saggi e antichi\", \u00e8 stato inserito nel cast della nuova stagione. Ma di quale attore si tratta?<\/p><p>Inoltre, abbiamo appreso che tre attori appariranno in ruoli \"ricorrenti\". Ciaran Hinds (Game of Thrones), Rory Kinnear (James Bond) e Tanya Moodie (Star Wars: The Rise of Skywalker) sono confermati nel cast.<\/p><p>Molti nuovi attori e attrici si sono aggiunti al cast. Tra questi ci sono :<\/p><ul><li>Nia Towle \u00e8 un'attrice britannica che ha recitato in Persuasione.<\/li><li>Yasen Zates Attore inglese che ha recitato in The Witcher (2019).<\/li><li>Calam Finbar Lynch \u00e8 un attore britannico di origine irlandese. \u00c8 apparso nella seconda stagione della serie Netflix Bridgerton.<\/li><li>Kevin Eldon, attore britannico. Interpreta il ruolo di Camello nella sesta stagione di Game of Thrones.<\/li><\/ul><p>A tutti questi giocatori si aggiungeranno altri nuovi arrivati.<\/p>\t\t\t\t\t\t\t\t<\/div>\n\t\t\t\t<\/div>\n\t\t\t\t\t<\/div>\n\t\t<\/div>\n\t\t\t\t\t<\/div>\n\t\t<\/section>\n\t\t\t\t<section class=\"elementor-section elementor-top-section elementor-element elementor-element-4124d5d6 elementor-section-boxed elementor-section-height-default elementor-section-height-default\" data-id=\"4124d5d6\" data-element_type=\"section\" data-e-type=\"section\">\n\t\t\t\t\t\t<div class=\"elementor-container elementor-column-gap-default\">\n\t\t\t\t\t<div class=\"elementor-column elementor-col-100 elementor-top-column elementor-element elementor-element-20a0c2c\" data-id=\"20a0c2c\" data-element_type=\"column\" data-e-type=\"column\">\n\t\t\t<div class=\"elementor-widget-wrap elementor-element-populated\">\n\t\t\t\t\t\t<div class=\"elementor-element elementor-element-6ddca6cc elementor-widget elementor-widget-heading\" data-id=\"6ddca6cc\" data-element_type=\"widget\" data-e-type=\"widget\" data-widget_type=\"heading.default\">\n\t\t\t\t<div class=\"elementor-widget-container\">\n\t\t\t\t\t<h2 class=\"elementor-heading-title elementor-size-default\">4. L'arte della guerra: le spade del potere<\/h2>\t\t\t\t<\/div>\n\t\t\t\t<\/div>\n\t\t\t\t<div class=\"elementor-element elementor-element-1ae92fcb elementor-widget elementor-widget-image\" data-id=\"1ae92fcb\" data-element_type=\"widget\" data-e-type=\"widget\" data-widget_type=\"image.default\">\n\t\t\t\t<div class=\"elementor-widget-container\">\n\t\t\t\t\t\t\t\t\t\t\t\t<figure class=\"wp-caption\">\n\t\t\t\t\t\t\t\t\t\t<img loading=\"lazy\" decoding=\"async\" width=\"600\" height=\"300\" src=\"https:\/\/repliquemangacine.fr\/wp-content\/uploads\/2024\/03\/Les-anneaux-de-Pouvoir-les-epees.jpg\" class=\"attachment-large size-large wp-image-69830\" alt=\"Anelli del potere Spade\" srcset=\"https:\/\/repliquemangacine.fr\/wp-content\/uploads\/2024\/03\/Les-anneaux-de-Pouvoir-les-epees.jpg 600w, https:\/\/repliquemangacine.fr\/wp-content\/uploads\/2024\/03\/Les-anneaux-de-Pouvoir-les-epees-300x150.jpg 300w, https:\/\/repliquemangacine.fr\/wp-content\/uploads\/2024\/03\/Les-anneaux-de-Pouvoir-les-epees-64x32.jpg 64w\" sizes=\"(max-width: 600px) 100vw, 600px\" \/>\t\t\t\t\t\t\t\t\t\t\t<figcaption class=\"widget-image-caption wp-caption-text\"><\/figcaption>\n\t\t\t\t\t\t\t\t\t\t<\/figure>\n\t\t\t\t\t\t\t\t\t<\/div>\n\t\t\t\t<\/div>\n\t\t\t\t<div class=\"elementor-element elementor-element-631af7e6 elementor-widget elementor-widget-text-editor\" data-id=\"631af7e6\" data-element_type=\"widget\" data-e-type=\"widget\" data-widget_type=\"text-editor.default\">\n\t\t\t\t<div class=\"elementor-widget-container\">\n\t\t\t\t\t\t\t\t\t<p>Al centro della saga del Signore degli Anelli ci sono manufatti di grande potere, tra i quali le spade hanno un ruolo centrale. Non sono solo armi da guerra, ma simboleggiano anche l'onore, il coraggio e il destino di chi le porta. Nella seconda stagione de \"Gli anelli del potere\", le spade continueranno a svolgere un ruolo cruciale. Serviranno da collegamento tra i personaggi, le loro aspirazioni e la loro eredit\u00e0.<\/p><p>Saremo sicuramente lieti di dare il benvenuto di nuovo a <a href=\"https:\/\/repliquemangacine.fr\/it\/nuovi-prodotti\/spada-di-galadriel-anelli-del-potere\/\">Galadriel e la sua spada.<\/a> Possiamo sperare di trovare il <a href=\"https:\/\/repliquemangacine.fr\/it\/spade-e-pugnali-gli-anelli-del-potere\/martello-di-celebrimbor\/\">Il martello di Celebrimbor.<\/a> Ricordate questo martello, che un tempo apparteneva a F\u00ebanor.<\/p><p>Va notato che ne \"Gli anelli del potere\", la serie si prende delle libert\u00e0 narrative per esplorare le radici e il destino di Narsil, il \"Re degli Anelli\".<a href=\"https:\/\/repliquemangacine.fr\/it\/spade-e-pugnali-gli-anelli-del-potere\/spada-di-delendil-gli-anelli-del-potere\/\">spada di Elendil<\/a>. Pur essendo fedele allo spirito dell'opera originale di Tolkien, la serie offre un'interpretazione unica e arricchente della storia di questa spada emblematica.<\/p><p>In conclusione, la serie promette di presentare spade con storie ricche e complesse, intrecciate alla narrazione generale della lotta per il potere e la sopravvivenza nella Terra di Mezzo.<\/p>\t\t\t\t\t\t\t\t<\/div>\n\t\t\t\t<\/div>\n\t\t\t\t\t<\/div>\n\t\t<\/div>\n\t\t\t\t\t<\/div>\n\t\t<\/section>\n\t\t\t\t<section class=\"elementor-section elementor-top-section elementor-element elementor-element-4818bfd elementor-section-boxed elementor-section-height-default elementor-section-height-default\" data-id=\"4818bfd\" data-element_type=\"section\" data-e-type=\"section\">\n\t\t\t\t\t\t<div class=\"elementor-container elementor-column-gap-default\">\n\t\t\t\t\t<div class=\"elementor-column elementor-col-100 elementor-top-column elementor-element elementor-element-ea89537\" data-id=\"ea89537\" data-element_type=\"column\" data-e-type=\"column\">\n\t\t\t<div class=\"elementor-widget-wrap elementor-element-populated\">\n\t\t\t\t\t\t<div class=\"elementor-element elementor-element-b20bd4f elementor-widget elementor-widget-heading\" data-id=\"b20bd4f\" data-element_type=\"widget\" data-e-type=\"widget\" data-widget_type=\"heading.default\">\n\t\t\t\t<div class=\"elementor-widget-container\">\n\t\t\t\t\t<h2 class=\"elementor-heading-title elementor-size-default\">5. Cosa c'\u00e8 in serbo per il sequel di \"Gli anelli del potere\"?<\/h2>\t\t\t\t<\/div>\n\t\t\t\t<\/div>\n\t\t\t\t<div class=\"elementor-element elementor-element-10a0528 elementor-widget elementor-widget-image\" data-id=\"10a0528\" data-element_type=\"widget\" data-e-type=\"widget\" data-widget_type=\"image.default\">\n\t\t\t\t<div class=\"elementor-widget-container\">\n\t\t\t\t\t\t\t\t\t\t\t\t<figure class=\"wp-caption\">\n\t\t\t\t\t\t\t\t\t\t<img loading=\"lazy\" decoding=\"async\" width=\"600\" height=\"300\" src=\"https:\/\/repliquemangacine.fr\/wp-content\/uploads\/2024\/03\/Les-anneaux-de-Pouvoir-la-suite.jpg\" class=\"attachment-large size-large wp-image-69829\" alt=\"Gli Anelli del Potere continuano\" srcset=\"https:\/\/repliquemangacine.fr\/wp-content\/uploads\/2024\/03\/Les-anneaux-de-Pouvoir-la-suite.jpg 600w, https:\/\/repliquemangacine.fr\/wp-content\/uploads\/2024\/03\/Les-anneaux-de-Pouvoir-la-suite-300x150.jpg 300w, https:\/\/repliquemangacine.fr\/wp-content\/uploads\/2024\/03\/Les-anneaux-de-Pouvoir-la-suite-64x32.jpg 64w\" sizes=\"(max-width: 600px) 100vw, 600px\" \/>\t\t\t\t\t\t\t\t\t\t\t<figcaption class=\"widget-image-caption wp-caption-text\"><\/figcaption>\n\t\t\t\t\t\t\t\t\t\t<\/figure>\n\t\t\t\t\t\t\t\t\t<\/div>\n\t\t\t\t<\/div>\n\t\t\t\t<div class=\"elementor-element elementor-element-e397189 elementor-widget elementor-widget-text-editor\" data-id=\"e397189\" data-element_type=\"widget\" data-e-type=\"widget\" data-widget_type=\"text-editor.default\">\n\t\t\t\t<div class=\"elementor-widget-container\">\n\t\t\t\t\t\t\t\t\t<p>La data di uscita della seconda stagione della serie Rings of Power non \u00e8 ancora stata rivelata da Prime Video. I fan dovrebbero essere felici di apprendere che la stampa americana ha pubblicato alcune notizie sulla serie.<\/p><p>Tuttavia, la serie ha fatto notizia mercoled\u00ec 28 febbraio 2024. Dopo aver provocato un'onda anomala alla sua uscita, con 25 milioni di abbonati che l'hanno vista nel primo giorno. La prima stagione de Gli anelli del potere \u00e8 stata un successo mondiale che potrebbe durare ancora per diversi anni e diverse altre stagioni.<\/p><p>Gli showrunner della serie stanno gi\u00e0 lavorando alla sceneggiatura della terza stagione. Secondo Variety, gli showrunner Patrick McKay e JD Payne stanno lavorando con Amazon Studios, che produce il progetto. Hanno raggiunto un accordo molto interessante. Si tratta di un \"accordo globale\" di tre anni.<\/p><p>La firma di questo accordo non significa che la terza stagione di Rings of Power sia stata ordinata da Prime Video. Ma \u00e8 una forte indicazione del contrario. Inoltre, secondo le indiscrezioni, la terza stagione \u00e8 gi\u00e0 in fase avanzata di scrittura.<\/p>\t\t\t\t\t\t\t\t<\/div>\n\t\t\t\t<\/div>\n\t\t\t\t\t<\/div>\n\t\t<\/div>\n\t\t\t\t\t<\/div>\n\t\t<\/section>\n\t\t\t\t<\/div>","protected":false},"excerpt":{"rendered":"<p>La saison 2 de &#8220;Le Seigneur des Anneaux : Les Anneaux de Pouvoir&#8221; sur Prime Video promet d&#8217;\u00eatre riche en d\u00e9veloppements et en surprises, s&#8217;inscrivant dans la continuit\u00e9 de la mythologie de la Terre du Milieu. 1. Un Retour en Terre du Milieu https:\/\/www.youtube.com\/watch?v=igYOjtB5tqo La Terre du Milieu s&#8217;appr\u00eate une fois de plus \u00e0 ouvrir [&hellip;]<\/p>\n","protected":false},"author":7689,"featured_media":69819,"comment_status":"closed","ping_status":"closed","sticky":false,"template":"","format":"standard","meta":{"footnotes":""},"categories":[1],"tags":[],"class_list":["post-69818","post","type-post","status-publish","format-standard","has-post-thumbnail","hentry","category-films-et-series"],"yoast_head":"<!-- This site is optimized with the Yoast SEO plugin v27.5 - https:\/\/yoast.com\/product\/yoast-seo-wordpress\/ -->\n<title>&quot;Les Anneaux de Pouvoir&quot; Saison 2 - Le blog | R\u00e9plique Manga Cin\u00e9<\/title>\n<meta name=\"description\" content=\"D\u00e9couvrez notre article de blog &quot; Les Anneaux de Pouvoir &quot; saison 2. Date de sortie, casting, et la suite de la s\u00e9rie\u202f!\" \/>\n<meta name=\"robots\" content=\"index, follow, max-snippet:-1, max-image-preview:large, max-video-preview:-1\" \/>\n<link rel=\"canonical\" href=\"https:\/\/repliquemangacine.fr\/it\/gli-anelli-del-potere-stagione-2\/\" \/>\n<meta property=\"og:locale\" content=\"it_IT\" \/>\n<meta property=\"og:type\" content=\"article\" \/>\n<meta property=\"og:title\" content=\"&quot;Les Anneaux de Pouvoir&quot; Saison 2 - Le blog | R\u00e9plique Manga Cin\u00e9\" \/>\n<meta property=\"og:description\" content=\"D\u00e9couvrez notre article de blog &quot; Les Anneaux de Pouvoir &quot; saison 2. Date de sortie, casting, et la suite de la s\u00e9rie\u202f!\" \/>\n<meta property=\"og:url\" content=\"https:\/\/repliquemangacine.fr\/it\/gli-anelli-del-potere-stagione-2\/\" \/>\n<meta property=\"og:site_name\" content=\"R\u00e9plique Manga Cin\u00e9\" \/>\n<meta property=\"article:publisher\" content=\"https:\/\/www.facebook.com\/RepliqueMangaCine\" \/>\n<meta property=\"article:published_time\" content=\"2024-03-02T19:02:24+00:00\" \/>\n<meta property=\"article:modified_time\" content=\"2024-03-09T13:57:23+00:00\" \/>\n<meta property=\"og:image\" content=\"https:\/\/repliquemangacine.fr\/wp-content\/uploads\/2024\/03\/Les-Anneaux-de-Pouvoir-Saison-2.jpg\" \/>\n\t<meta property=\"og:image:width\" content=\"600\" \/>\n\t<meta property=\"og:image:height\" content=\"300\" \/>\n\t<meta property=\"og:image:type\" content=\"image\/jpeg\" \/>\n<meta name=\"author\" content=\"coquizart RMC\" \/>\n<meta name=\"twitter:card\" content=\"summary_large_image\" \/>\n<meta name=\"twitter:label1\" content=\"Scritto da\" \/>\n\t<meta name=\"twitter:data1\" content=\"coquizart RMC\" \/>\n\t<meta name=\"twitter:label2\" content=\"Tempo di lettura stimato\" \/>\n\t<meta name=\"twitter:data2\" content=\"7 minuti\" \/>\n<script type=\"application\/ld+json\" class=\"yoast-schema-graph\">{\"@context\":\"https:\\\/\\\/schema.org\",\"@graph\":[{\"@type\":[\"Article\",\"BlogPosting\"],\"@id\":\"https:\\\/\\\/repliquemangacine.fr\\\/les-anneaux-de-pouvoir-saison-2\\\/#article\",\"isPartOf\":{\"@id\":\"https:\\\/\\\/repliquemangacine.fr\\\/les-anneaux-de-pouvoir-saison-2\\\/\"},\"author\":{\"name\":\"coquizart RMC\",\"@id\":\"https:\\\/\\\/repliquemangacine.fr\\\/#\\\/schema\\\/person\\\/08aed5adc9a5f0461480af5bd8fda389\"},\"headline\":\"&#8220;Les Anneaux de Pouvoir&#8221; Saison 2\",\"datePublished\":\"2024-03-02T19:02:24+00:00\",\"dateModified\":\"2024-03-09T13:57:23+00:00\",\"mainEntityOfPage\":{\"@id\":\"https:\\\/\\\/repliquemangacine.fr\\\/les-anneaux-de-pouvoir-saison-2\\\/\"},\"wordCount\":1132,\"publisher\":{\"@id\":\"https:\\\/\\\/repliquemangacine.fr\\\/#organization\"},\"image\":{\"@id\":\"https:\\\/\\\/repliquemangacine.fr\\\/les-anneaux-de-pouvoir-saison-2\\\/#primaryimage\"},\"thumbnailUrl\":\"https:\\\/\\\/repliquemangacine.fr\\\/wp-content\\\/uploads\\\/2024\\\/03\\\/Les-Anneaux-de-Pouvoir-Saison-2.jpg\",\"articleSection\":[\"Films et S\u00e9ries\"],\"inLanguage\":\"it-IT\"},{\"@type\":\"WebPage\",\"@id\":\"https:\\\/\\\/repliquemangacine.fr\\\/les-anneaux-de-pouvoir-saison-2\\\/\",\"url\":\"https:\\\/\\\/repliquemangacine.fr\\\/les-anneaux-de-pouvoir-saison-2\\\/\",\"name\":\"\\\"Les Anneaux de Pouvoir\\\" Saison 2 - Le blog | R\u00e9plique Manga Cin\u00e9\",\"isPartOf\":{\"@id\":\"https:\\\/\\\/repliquemangacine.fr\\\/#website\"},\"primaryImageOfPage\":{\"@id\":\"https:\\\/\\\/repliquemangacine.fr\\\/les-anneaux-de-pouvoir-saison-2\\\/#primaryimage\"},\"image\":{\"@id\":\"https:\\\/\\\/repliquemangacine.fr\\\/les-anneaux-de-pouvoir-saison-2\\\/#primaryimage\"},\"thumbnailUrl\":\"https:\\\/\\\/repliquemangacine.fr\\\/wp-content\\\/uploads\\\/2024\\\/03\\\/Les-Anneaux-de-Pouvoir-Saison-2.jpg\",\"datePublished\":\"2024-03-02T19:02:24+00:00\",\"dateModified\":\"2024-03-09T13:57:23+00:00\",\"description\":\"D\u00e9couvrez notre article de blog \\\" Les Anneaux de Pouvoir \\\" saison 2. Date de sortie, casting, et la suite de la s\u00e9rie\u202f!\",\"breadcrumb\":{\"@id\":\"https:\\\/\\\/repliquemangacine.fr\\\/les-anneaux-de-pouvoir-saison-2\\\/#breadcrumb\"},\"inLanguage\":\"it-IT\",\"potentialAction\":[{\"@type\":\"ReadAction\",\"target\":[\"https:\\\/\\\/repliquemangacine.fr\\\/les-anneaux-de-pouvoir-saison-2\\\/\"]}]},{\"@type\":\"ImageObject\",\"inLanguage\":\"it-IT\",\"@id\":\"https:\\\/\\\/repliquemangacine.fr\\\/les-anneaux-de-pouvoir-saison-2\\\/#primaryimage\",\"url\":\"https:\\\/\\\/repliquemangacine.fr\\\/wp-content\\\/uploads\\\/2024\\\/03\\\/Les-Anneaux-de-Pouvoir-Saison-2.jpg\",\"contentUrl\":\"https:\\\/\\\/repliquemangacine.fr\\\/wp-content\\\/uploads\\\/2024\\\/03\\\/Les-Anneaux-de-Pouvoir-Saison-2.jpg\",\"width\":600,\"height\":300,\"caption\":\"\\\"Les Anneaux de Pouvoir\\\" Saison 2\"},{\"@type\":\"BreadcrumbList\",\"@id\":\"https:\\\/\\\/repliquemangacine.fr\\\/les-anneaux-de-pouvoir-saison-2\\\/#breadcrumb\",\"itemListElement\":[{\"@type\":\"ListItem\",\"position\":1,\"name\":\"Accueil\",\"item\":\"https:\\\/\\\/repliquemangacine.fr\\\/\"},{\"@type\":\"ListItem\",\"position\":2,\"name\":\"&#8220;Les Anneaux de Pouvoir&#8221; Saison 2\"}]},{\"@type\":\"WebSite\",\"@id\":\"https:\\\/\\\/repliquemangacine.fr\\\/#website\",\"url\":\"https:\\\/\\\/repliquemangacine.fr\\\/\",\"name\":\"R\u00e9plique Manga Cin\u00e9\",\"description\":\"\",\"publisher\":{\"@id\":\"https:\\\/\\\/repliquemangacine.fr\\\/#organization\"},\"potentialAction\":[{\"@type\":\"SearchAction\",\"target\":{\"@type\":\"EntryPoint\",\"urlTemplate\":\"https:\\\/\\\/repliquemangacine.fr\\\/?s={search_term_string}\"},\"query-input\":{\"@type\":\"PropertyValueSpecification\",\"valueRequired\":true,\"valueName\":\"search_term_string\"}}],\"inLanguage\":\"it-IT\"},{\"@type\":\"Organization\",\"@id\":\"https:\\\/\\\/repliquemangacine.fr\\\/#organization\",\"name\":\"R\u00e9plique Manga Cin\u00e9\",\"url\":\"https:\\\/\\\/repliquemangacine.fr\\\/\",\"logo\":{\"@type\":\"ImageObject\",\"inLanguage\":\"it-IT\",\"@id\":\"https:\\\/\\\/repliquemangacine.fr\\\/#\\\/schema\\\/logo\\\/image\\\/\",\"url\":\"https:\\\/\\\/repliquemangacine.fr\\\/wp-content\\\/uploads\\\/2023\\\/10\\\/RMC-500250.png\",\"contentUrl\":\"https:\\\/\\\/repliquemangacine.fr\\\/wp-content\\\/uploads\\\/2023\\\/10\\\/RMC-500250.png\",\"width\":500,\"height\":250,\"caption\":\"R\u00e9plique Manga Cin\u00e9\"},\"image\":{\"@id\":\"https:\\\/\\\/repliquemangacine.fr\\\/#\\\/schema\\\/logo\\\/image\\\/\"},\"sameAs\":[\"https:\\\/\\\/www.facebook.com\\\/RepliqueMangaCine\",\"https:\\\/\\\/www.instagram.com\\\/repliquemangacine.fr\\\/\"]},{\"@type\":\"Person\",\"@id\":\"https:\\\/\\\/repliquemangacine.fr\\\/#\\\/schema\\\/person\\\/08aed5adc9a5f0461480af5bd8fda389\",\"name\":\"coquizart RMC\"}]}<\/script>\n<!-- \/ Yoast SEO plugin. -->","yoast_head_json":{"title":"\"Gli anelli del potere\" Stagione 2 - Il blog | R\u00e9plique Manga Cin\u00e9","description":"Scopri il nostro blog post \"Gli anelli del potere\" stagione 2. Data di uscita, cast e il resto della serie!","robots":{"index":"index","follow":"follow","max-snippet":"max-snippet:-1","max-image-preview":"max-image-preview:large","max-video-preview":"max-video-preview:-1"},"canonical":"https:\/\/repliquemangacine.fr\/it\/gli-anelli-del-potere-stagione-2\/","og_locale":"it_IT","og_type":"article","og_title":"\"Les Anneaux de Pouvoir\" Saison 2 - Le blog | R\u00e9plique Manga Cin\u00e9","og_description":"D\u00e9couvrez notre article de blog \" Les Anneaux de Pouvoir \" saison 2. Date de sortie, casting, et la suite de la s\u00e9rie\u202f!","og_url":"https:\/\/repliquemangacine.fr\/it\/gli-anelli-del-potere-stagione-2\/","og_site_name":"R\u00e9plique Manga Cin\u00e9","article_publisher":"https:\/\/www.facebook.com\/RepliqueMangaCine","article_published_time":"2024-03-02T19:02:24+00:00","article_modified_time":"2024-03-09T13:57:23+00:00","og_image":[{"width":600,"height":300,"url":"https:\/\/repliquemangacine.fr\/wp-content\/uploads\/2024\/03\/Les-Anneaux-de-Pouvoir-Saison-2.jpg","type":"image\/jpeg"}],"author":"coquizart RMC","twitter_card":"summary_large_image","twitter_misc":{"Scritto da":"coquizart RMC","Tempo di lettura stimato":"7 minuti"},"schema":{"@context":"https:\/\/schema.org","@graph":[{"@type":["Article","BlogPosting"],"@id":"https:\/\/repliquemangacine.fr\/les-anneaux-de-pouvoir-saison-2\/#article","isPartOf":{"@id":"https:\/\/repliquemangacine.fr\/les-anneaux-de-pouvoir-saison-2\/"},"author":{"name":"coquizart RMC","@id":"https:\/\/repliquemangacine.fr\/#\/schema\/person\/08aed5adc9a5f0461480af5bd8fda389"},"headline":"&#8220;Les Anneaux de Pouvoir&#8221; Saison 2","datePublished":"2024-03-02T19:02:24+00:00","dateModified":"2024-03-09T13:57:23+00:00","mainEntityOfPage":{"@id":"https:\/\/repliquemangacine.fr\/les-anneaux-de-pouvoir-saison-2\/"},"wordCount":1132,"publisher":{"@id":"https:\/\/repliquemangacine.fr\/#organization"},"image":{"@id":"https:\/\/repliquemangacine.fr\/les-anneaux-de-pouvoir-saison-2\/#primaryimage"},"thumbnailUrl":"https:\/\/repliquemangacine.fr\/wp-content\/uploads\/2024\/03\/Les-Anneaux-de-Pouvoir-Saison-2.jpg","articleSection":["Films et S\u00e9ries"],"inLanguage":"it-IT"},{"@type":"WebPage","@id":"https:\/\/repliquemangacine.fr\/les-anneaux-de-pouvoir-saison-2\/","url":"https:\/\/repliquemangacine.fr\/les-anneaux-de-pouvoir-saison-2\/","name":"\"Gli anelli del potere\" Stagione 2 - Il blog | R\u00e9plique Manga Cin\u00e9","isPartOf":{"@id":"https:\/\/repliquemangacine.fr\/#website"},"primaryImageOfPage":{"@id":"https:\/\/repliquemangacine.fr\/les-anneaux-de-pouvoir-saison-2\/#primaryimage"},"image":{"@id":"https:\/\/repliquemangacine.fr\/les-anneaux-de-pouvoir-saison-2\/#primaryimage"},"thumbnailUrl":"https:\/\/repliquemangacine.fr\/wp-content\/uploads\/2024\/03\/Les-Anneaux-de-Pouvoir-Saison-2.jpg","datePublished":"2024-03-02T19:02:24+00:00","dateModified":"2024-03-09T13:57:23+00:00","description":"Scopri il nostro blog post \"Gli anelli del potere\" stagione 2. Data di uscita, cast e il resto della serie!","breadcrumb":{"@id":"https:\/\/repliquemangacine.fr\/les-anneaux-de-pouvoir-saison-2\/#breadcrumb"},"inLanguage":"it-IT","potentialAction":[{"@type":"ReadAction","target":["https:\/\/repliquemangacine.fr\/les-anneaux-de-pouvoir-saison-2\/"]}]},{"@type":"ImageObject","inLanguage":"it-IT","@id":"https:\/\/repliquemangacine.fr\/les-anneaux-de-pouvoir-saison-2\/#primaryimage","url":"https:\/\/repliquemangacine.fr\/wp-content\/uploads\/2024\/03\/Les-Anneaux-de-Pouvoir-Saison-2.jpg","contentUrl":"https:\/\/repliquemangacine.fr\/wp-content\/uploads\/2024\/03\/Les-Anneaux-de-Pouvoir-Saison-2.jpg","width":600,"height":300,"caption":"\"Les Anneaux de Pouvoir\" Saison 2"},{"@type":"BreadcrumbList","@id":"https:\/\/repliquemangacine.fr\/les-anneaux-de-pouvoir-saison-2\/#breadcrumb","itemListElement":[{"@type":"ListItem","position":1,"name":"Accueil","item":"https:\/\/repliquemangacine.fr\/"},{"@type":"ListItem","position":2,"name":"&#8220;Les Anneaux de Pouvoir&#8221; Saison 2"}]},{"@type":"WebSite","@id":"https:\/\/repliquemangacine.fr\/#website","url":"https:\/\/repliquemangacine.fr\/","name":"R\u00e9plique Manga Cin\u00e9","description":"","publisher":{"@id":"https:\/\/repliquemangacine.fr\/#organization"},"potentialAction":[{"@type":"SearchAction","target":{"@type":"EntryPoint","urlTemplate":"https:\/\/repliquemangacine.fr\/?s={search_term_string}"},"query-input":{"@type":"PropertyValueSpecification","valueRequired":true,"valueName":"search_term_string"}}],"inLanguage":"it-IT"},{"@type":"Organization","@id":"https:\/\/repliquemangacine.fr\/#organization","name":"R\u00e9plique Manga Cin\u00e9","url":"https:\/\/repliquemangacine.fr\/","logo":{"@type":"ImageObject","inLanguage":"it-IT","@id":"https:\/\/repliquemangacine.fr\/#\/schema\/logo\/image\/","url":"https:\/\/repliquemangacine.fr\/wp-content\/uploads\/2023\/10\/RMC-500250.png","contentUrl":"https:\/\/repliquemangacine.fr\/wp-content\/uploads\/2023\/10\/RMC-500250.png","width":500,"height":250,"caption":"R\u00e9plique Manga Cin\u00e9"},"image":{"@id":"https:\/\/repliquemangacine.fr\/#\/schema\/logo\/image\/"},"sameAs":["https:\/\/www.facebook.com\/RepliqueMangaCine","https:\/\/www.instagram.com\/repliquemangacine.fr\/"]},{"@type":"Person","@id":"https:\/\/repliquemangacine.fr\/#\/schema\/person\/08aed5adc9a5f0461480af5bd8fda389","name":"coquizart RMC"}]}},"_links":{"self":[{"href":"https:\/\/repliquemangacine.fr\/it\/wp-json\/wp\/v2\/posts\/69818","targetHints":{"allow":["GET"]}}],"collection":[{"href":"https:\/\/repliquemangacine.fr\/it\/wp-json\/wp\/v2\/posts"}],"about":[{"href":"https:\/\/repliquemangacine.fr\/it\/wp-json\/wp\/v2\/types\/post"}],"author":[{"embeddable":true,"href":"https:\/\/repliquemangacine.fr\/it\/wp-json\/wp\/v2\/users\/7689"}],"replies":[{"embeddable":true,"href":"https:\/\/repliquemangacine.fr\/it\/wp-json\/wp\/v2\/comments?post=69818"}],"version-history":[{"count":0,"href":"https:\/\/repliquemangacine.fr\/it\/wp-json\/wp\/v2\/posts\/69818\/revisions"}],"wp:featuredmedia":[{"embeddable":true,"href":"https:\/\/repliquemangacine.fr\/it\/wp-json\/wp\/v2\/media\/69819"}],"wp:attachment":[{"href":"https:\/\/repliquemangacine.fr\/it\/wp-json\/wp\/v2\/media?parent=69818"}],"wp:term":[{"taxonomy":"category","embeddable":true,"href":"https:\/\/repliquemangacine.fr\/it\/wp-json\/wp\/v2\/categories?post=69818"},{"taxonomy":"post_tag","embeddable":true,"href":"https:\/\/repliquemangacine.fr\/it\/wp-json\/wp\/v2\/tags?post=69818"}],"curies":[{"name":"wp","href":"https:\/\/api.w.org\/{rel}","templated":true}]}}