





{"id":69071,"date":"2024-02-10T19:22:43","date_gmt":"2024-02-10T18:22:43","guid":{"rendered":"https:\/\/repliquemangacine.fr\/?p=69071"},"modified":"2024-03-19T14:49:16","modified_gmt":"2024-03-19T13:49:16","slug":"80%e1%b5%89-anniversario-del-d-day","status":"publish","type":"post","link":"https:\/\/repliquemangacine.fr\/it\/80%e1%b5%89-anniversaire-du-debarquement\/","title":{"rendered":"80\u1d49 anniversario dello sbarco in Normandia"},"content":{"rendered":"<div data-elementor-type=\"wp-post\" data-elementor-id=\"69071\" class=\"elementor elementor-69071\" data-elementor-post-type=\"post\">\n\t\t\t\t\t\t<section class=\"elementor-section elementor-top-section elementor-element elementor-element-31c3c6d5 elementor-section-boxed elementor-section-height-default elementor-section-height-default\" data-id=\"31c3c6d5\" data-element_type=\"section\" data-e-type=\"section\">\n\t\t\t\t\t\t<div class=\"elementor-container elementor-column-gap-default\">\n\t\t\t\t\t<div class=\"elementor-column elementor-col-100 elementor-top-column elementor-element elementor-element-41957be1\" data-id=\"41957be1\" data-element_type=\"column\" data-e-type=\"column\">\n\t\t\t<div class=\"elementor-widget-wrap elementor-element-populated\">\n\t\t\t\t\t\t<div class=\"elementor-element elementor-element-473b36f1 elementor-widget elementor-widget-theme-post-title elementor-page-title elementor-widget-heading\" data-id=\"473b36f1\" data-element_type=\"widget\" data-e-type=\"widget\" data-widget_type=\"theme-post-title.default\">\n\t\t\t\t<div class=\"elementor-widget-container\">\n\t\t\t\t\t<h1 class=\"elementor-heading-title elementor-size-default\">80\u1d49 anniversario dello sbarco in Normandia<\/h1>\t\t\t\t<\/div>\n\t\t\t\t<\/div>\n\t\t\t\t<div class=\"elementor-element elementor-element-8879619 elementor-widget elementor-widget-image\" data-id=\"8879619\" data-element_type=\"widget\" data-e-type=\"widget\" data-widget_type=\"image.default\">\n\t\t\t\t<div class=\"elementor-widget-container\">\n\t\t\t\t\t\t\t\t\t\t\t\t\t\t\t<img fetchpriority=\"high\" decoding=\"async\" width=\"600\" height=\"300\" src=\"https:\/\/repliquemangacine.fr\/wp-content\/uploads\/2024\/02\/logo-80e-anniversaire-du-debarquement.jpg\" class=\"attachment-large size-large wp-image-69088\" alt=\"80\u00b0 anniversario dello sbarco\" srcset=\"https:\/\/repliquemangacine.fr\/wp-content\/uploads\/2024\/02\/logo-80e-anniversaire-du-debarquement.jpg 600w, https:\/\/repliquemangacine.fr\/wp-content\/uploads\/2024\/02\/logo-80e-anniversaire-du-debarquement-300x150.jpg 300w, https:\/\/repliquemangacine.fr\/wp-content\/uploads\/2024\/02\/logo-80e-anniversaire-du-debarquement-64x32.jpg 64w\" sizes=\"(max-width: 600px) 100vw, 600px\" \/>\t\t\t\t\t\t\t\t\t\t\t\t\t\t\t<\/div>\n\t\t\t\t<\/div>\n\t\t\t\t<div class=\"elementor-element elementor-element-667cc3eb elementor-widget elementor-widget-text-editor\" data-id=\"667cc3eb\" data-element_type=\"widget\" data-e-type=\"widget\" data-widget_type=\"text-editor.default\">\n\t\t\t\t<div class=\"elementor-widget-container\">\n\t\t\t\t\t\t\t\t\t<p>Per cominciare, l'anno 2024 sar\u00e0 segnato con grande emozione dall'80\u1d49 anniversario del D-Day e della Battaglia di Normandia. Commemorazioni internazionali alla presenza di capi di Stato, giganteschi spettacoli pirotecnici, concerti, lanci di paracadute, balli...<\/p><p>Il 6 giugno 2024, la cerimonia internazionale avr\u00e0 luogo a Saint-Laurent-sur-Mer (Omaha Beach). L'accesso \u00e8 solo su invito.<\/p><p>Oltre agli ultimi veterani, sono sempre presenti presidenti e ministri di tutto il mondo. In passato, la Regina Elisabetta II (che ha partecipato a 4 commemorazioni del D-Day). Barack Obama, Putin (nel 2014) e molti altri. Hanno reso omaggio ai soldati e ai civili che hanno combattuto per la pace.<\/p><p>Quest'anno sar\u00e0 presente ufficialmente il Presidente Macron. Al momento siamo in attesa dei nomi delle altre personalit\u00e0 e degli statisti che saranno invitati.<\/p>\t\t\t\t\t\t\t\t<\/div>\n\t\t\t\t<\/div>\n\t\t\t\t\t<\/div>\n\t\t<\/div>\n\t\t\t\t\t<\/div>\n\t\t<\/section>\n\t\t\t\t<section class=\"elementor-section elementor-top-section elementor-element elementor-element-1d4e8ef4 elementor-section-boxed elementor-section-height-default elementor-section-height-default\" data-id=\"1d4e8ef4\" data-element_type=\"section\" data-e-type=\"section\">\n\t\t\t\t\t\t<div class=\"elementor-container elementor-column-gap-default\">\n\t\t\t\t\t<div class=\"elementor-column elementor-col-100 elementor-top-column elementor-element elementor-element-37df1e31\" data-id=\"37df1e31\" data-element_type=\"column\" data-e-type=\"column\">\n\t\t\t<div class=\"elementor-widget-wrap elementor-element-populated\">\n\t\t\t\t\t\t<div class=\"elementor-element elementor-element-74168147 elementor-widget elementor-widget-heading\" data-id=\"74168147\" data-element_type=\"widget\" data-e-type=\"widget\" data-widget_type=\"heading.default\">\n\t\t\t\t<div class=\"elementor-widget-container\">\n\t\t\t\t\t<h2 class=\"elementor-heading-title elementor-size-default\">1. L'eredit\u00e0 immortale dell'80\u1d49 anniversario del D-Day e della battaglia di Normandia<\/h2>\t\t\t\t<\/div>\n\t\t\t\t<\/div>\n\t\t\t\t<div class=\"elementor-element elementor-element-4322580a elementor-widget elementor-widget-image\" data-id=\"4322580a\" data-element_type=\"widget\" data-e-type=\"widget\" data-widget_type=\"image.default\">\n\t\t\t\t<div class=\"elementor-widget-container\">\n\t\t\t\t\t\t\t\t\t\t\t\t<figure class=\"wp-caption\">\n\t\t\t\t\t\t\t\t\t\t<img decoding=\"async\" width=\"600\" height=\"300\" src=\"https:\/\/repliquemangacine.fr\/wp-content\/uploads\/2024\/02\/80\u1d49-anniversaire-du-Debarquement-et-la-Bataille-de-Normandie-1.jpg\" class=\"attachment-large size-large wp-image-69115\" alt=\"80\u1d49 anniversario dello sbarco in Normandia 6 giugno 1944\" srcset=\"https:\/\/repliquemangacine.fr\/wp-content\/uploads\/2024\/02\/80\u1d49-anniversaire-du-Debarquement-et-la-Bataille-de-Normandie-1.jpg 600w, https:\/\/repliquemangacine.fr\/wp-content\/uploads\/2024\/02\/80\u1d49-anniversaire-du-Debarquement-et-la-Bataille-de-Normandie-1-300x150.jpg 300w, https:\/\/repliquemangacine.fr\/wp-content\/uploads\/2024\/02\/80\u1d49-anniversaire-du-Debarquement-et-la-Bataille-de-Normandie-1-64x32.jpg 64w\" sizes=\"(max-width: 600px) 100vw, 600px\" \/>\t\t\t\t\t\t\t\t\t\t\t<figcaption class=\"widget-image-caption wp-caption-text\">Sbarco del 6 giugno 1944<\/figcaption>\n\t\t\t\t\t\t\t\t\t\t<\/figure>\n\t\t\t\t\t\t\t\t\t<\/div>\n\t\t\t\t<\/div>\n\t\t\t\t<div class=\"elementor-element elementor-element-46fed8ed elementor-widget elementor-widget-text-editor\" data-id=\"46fed8ed\" data-element_type=\"widget\" data-e-type=\"widget\" data-widget_type=\"text-editor.default\">\n\t\t\t\t<div class=\"elementor-widget-container\">\n\t\t\t\t\t\t\t\t\t<p>All'alba del 6 giugno 1944, le forze alleate intrapresero una delle operazioni militari pi\u00f9 audaci e decisive della Seconda Guerra Mondiale: lo sbarco in Normandia.<\/p><p>Sono passati 80 anni dal D-Day e dalla Battaglia di Normandia, momenti che hanno segnato una svolta decisiva nella storia della Seconda Guerra Mondiale e hanno plasmato il futuro dell'Europa e del mondo. Questa operazione di un'audacia e di una complessit\u00e0 senza precedenti ha dimostrato il coraggio, la determinazione e il sacrificio di migliaia di giovani soldati provenienti da contesti diversi, uniti da una causa comune: la liberazione dell'Europa.<\/p><p>Le loro azioni eroiche sulle spiagge della Normandia e oltre non solo contribuirono ad abbattere le difese tedesche, ma infusero anche una nuova speranza ai popoli oppressi. Oggi, a 80 anni di distanza, l'eredit\u00e0 del D-Day e della Battaglia di Normandia rimane immortale e simboleggia i valori di unit\u00e0, coraggio e sacrificio.<\/p><p>Questi eventi ci ricordano che la libert\u00e0 \u00e8 un bene prezioso, spesso acquisito a prezzo di immensi sacrifici. In questa giornata di commemorazione, rendiamo omaggio al coraggio di questi uomini e donne che hanno combattuto per un mondo migliore.<\/p>\t\t\t\t\t\t\t\t<\/div>\n\t\t\t\t<\/div>\n\t\t\t\t\t<\/div>\n\t\t<\/div>\n\t\t\t\t\t<\/div>\n\t\t<\/section>\n\t\t\t\t<section class=\"elementor-section elementor-top-section elementor-element elementor-element-4fe7d005 elementor-section-boxed elementor-section-height-default elementor-section-height-default\" data-id=\"4fe7d005\" data-element_type=\"section\" data-e-type=\"section\">\n\t\t\t\t\t\t<div class=\"elementor-container elementor-column-gap-default\">\n\t\t\t\t\t<div class=\"elementor-column elementor-col-100 elementor-top-column elementor-element elementor-element-4fa3cc24\" data-id=\"4fa3cc24\" data-element_type=\"column\" data-e-type=\"column\">\n\t\t\t<div class=\"elementor-widget-wrap elementor-element-populated\">\n\t\t\t\t\t\t<div class=\"elementor-element elementor-element-27aad177 elementor-widget elementor-widget-heading\" data-id=\"27aad177\" data-element_type=\"widget\" data-e-type=\"widget\" data-widget_type=\"heading.default\">\n\t\t\t\t<div class=\"elementor-widget-container\">\n\t\t\t\t\t<h2 class=\"elementor-heading-title elementor-size-default\">2. Il significato del D-Day e della battaglia di Normandia<\/h2>\t\t\t\t<\/div>\n\t\t\t\t<\/div>\n\t\t\t\t<div class=\"elementor-element elementor-element-32780c0 elementor-widget elementor-widget-image\" data-id=\"32780c0\" data-element_type=\"widget\" data-e-type=\"widget\" data-widget_type=\"image.default\">\n\t\t\t\t<div class=\"elementor-widget-container\">\n\t\t\t\t\t\t\t\t\t\t\t\t<figure class=\"wp-caption\">\n\t\t\t\t\t\t\t\t\t\t<img decoding=\"async\" width=\"600\" height=\"300\" src=\"https:\/\/repliquemangacine.fr\/wp-content\/uploads\/2024\/02\/Le-D-Day.jpg\" class=\"attachment-large size-large wp-image-69091\" alt=\"80\u1d49 anniversario del D-Day\" srcset=\"https:\/\/repliquemangacine.fr\/wp-content\/uploads\/2024\/02\/Le-D-Day.jpg 600w, https:\/\/repliquemangacine.fr\/wp-content\/uploads\/2024\/02\/Le-D-Day-300x150.jpg 300w, https:\/\/repliquemangacine.fr\/wp-content\/uploads\/2024\/02\/Le-D-Day-64x32.jpg 64w\" sizes=\"(max-width: 600px) 100vw, 600px\" \/>\t\t\t\t\t\t\t\t\t\t\t<figcaption class=\"widget-image-caption wp-caption-text\">Il D-Day<\/figcaption>\n\t\t\t\t\t\t\t\t\t\t<\/figure>\n\t\t\t\t\t\t\t\t\t<\/div>\n\t\t\t\t<\/div>\n\t\t\t\t<div class=\"elementor-element elementor-element-66f8ed7c elementor-widget elementor-widget-text-editor\" data-id=\"66f8ed7c\" data-element_type=\"widget\" data-e-type=\"widget\" data-widget_type=\"text-editor.default\">\n\t\t\t\t<div class=\"elementor-widget-container\">\n\t\t\t\t\t\t\t\t\t<p>Il 6 giugno 1944 passer\u00e0 alla storia come il giorno in cui le forze alleate lanciarono una delle pi\u00f9 grandi e audaci operazioni militari per liberare l'Europa dal giogo nazista: lo sbarco in Normandia, noto anche come Operazione Overlord.<\/p><p>Quel giorno, e nei giorni successivi, migliaia di giovani provenienti da quindici nazioni, tra cui 177 coraggiosi francesi del Commando Kieffer, misero piede sulle spiagge della Normandia. La loro missione era chiara, ma pericolosa: liberare la terra e aprire la strada alla vittoria sulla Germania nazista.<\/p><p>Alla mezzanotte del D-Day, pi\u00f9 di 150.000 soldati alleati, supportati da 23.000 paracadutisti e mobilitando 20.000 veicoli di tutte le dimensioni, erano gi\u00e0 in Normandia, segnando l'inizio di un'operazione senza precedenti. Le cifre parlano da sole: 12.000 uomini hanno pagato il prezzo pi\u00f9 alto, lasciando famiglie e amici in lutto, per la promessa di un futuro migliore. Non si pu\u00f2 negare che questo colossale sacrificio non sia stato vano.<\/p><p>I tre mesi di feroci combattimenti che seguirono liberarono la Normandia, aprendo la strada alla liberazione di Parigi e, in definitiva, dell'intera Europa.<\/p>\t\t\t\t\t\t\t\t<\/div>\n\t\t\t\t<\/div>\n\t\t\t\t\t<\/div>\n\t\t<\/div>\n\t\t\t\t\t<\/div>\n\t\t<\/section>\n\t\t\t\t<section class=\"elementor-section elementor-top-section elementor-element elementor-element-2a183624 elementor-section-boxed elementor-section-height-default elementor-section-height-default\" data-id=\"2a183624\" data-element_type=\"section\" data-e-type=\"section\">\n\t\t\t\t\t\t<div class=\"elementor-container elementor-column-gap-default\">\n\t\t\t\t\t<div class=\"elementor-column elementor-col-100 elementor-top-column elementor-element elementor-element-67c521e5\" data-id=\"67c521e5\" data-element_type=\"column\" data-e-type=\"column\">\n\t\t\t<div class=\"elementor-widget-wrap elementor-element-populated\">\n\t\t\t\t\t\t<div class=\"elementor-element elementor-element-65c8db1d elementor-widget elementor-widget-heading\" data-id=\"65c8db1d\" data-element_type=\"widget\" data-e-type=\"widget\" data-widget_type=\"heading.default\">\n\t\t\t\t<div class=\"elementor-widget-container\">\n\t\t\t\t\t<h2 class=\"elementor-heading-title elementor-size-default\">3. 80\u1d49 anniversario del D-Day: memoria collettiva<\/h2>\t\t\t\t<\/div>\n\t\t\t\t<\/div>\n\t\t\t\t<div class=\"elementor-element elementor-element-51329646 elementor-widget elementor-widget-image\" data-id=\"51329646\" data-element_type=\"widget\" data-e-type=\"widget\" data-widget_type=\"image.default\">\n\t\t\t\t<div class=\"elementor-widget-container\">\n\t\t\t\t\t\t\t\t\t\t\t\t<figure class=\"wp-caption\">\n\t\t\t\t\t\t\t\t\t\t<img loading=\"lazy\" decoding=\"async\" width=\"600\" height=\"300\" src=\"https:\/\/repliquemangacine.fr\/wp-content\/uploads\/2024\/02\/Commemoration-officielle-70e-anniversaire.jpg\" class=\"attachment-large size-large wp-image-69114\" alt=\"Commemorazione ufficiale del 70\u1d49 anniversario\" srcset=\"https:\/\/repliquemangacine.fr\/wp-content\/uploads\/2024\/02\/Commemoration-officielle-70e-anniversaire.jpg 600w, https:\/\/repliquemangacine.fr\/wp-content\/uploads\/2024\/02\/Commemoration-officielle-70e-anniversaire-300x150.jpg 300w, https:\/\/repliquemangacine.fr\/wp-content\/uploads\/2024\/02\/Commemoration-officielle-70e-anniversaire-64x32.jpg 64w\" sizes=\"(max-width: 600px) 100vw, 600px\" \/>\t\t\t\t\t\t\t\t\t\t\t<figcaption class=\"widget-image-caption wp-caption-text\">Commemorazione ufficiale del 70\u1d49 anniversario<\/figcaption>\n\t\t\t\t\t\t\t\t\t\t<\/figure>\n\t\t\t\t\t\t\t\t\t<\/div>\n\t\t\t\t<\/div>\n\t\t\t\t<div class=\"elementor-element elementor-element-4933027d elementor-widget elementor-widget-text-editor\" data-id=\"4933027d\" data-element_type=\"widget\" data-e-type=\"widget\" data-widget_type=\"text-editor.default\">\n\t\t\t\t<div class=\"elementor-widget-container\">\n\t\t\t\t\t\t\t\t\t<p>Lo sbarco in Normandia e le battaglie che ne seguirono hanno avuto un impatto profondo. Non solo per la storia, ma anche per la cultura e la memoria collettiva su scala globale. Questo evento monumentale ha ispirato una miriade di opere letterarie, cinematografiche, musicali e artistiche, facendo da sfondo a storie di coraggio, sacrificio e resilienza umana.<\/p><p>Film iconici, romanzi, documentari e videogiochi hanno catturato l'essenza di questo episodio storico. Permettendo alle nuove generazioni di comprendere la portata dei sacrifici compiuti per la libert\u00e0. La commemorazione annuale del D-Day rafforza questa memoria collettiva. Con cerimonie che riuniscono non solo i sopravvissuti e le loro famiglie, ma anche i giovani di tutto il mondo per rendere omaggio a questi eroi.<\/p><p>Questi eventi e le rappresentazioni artistiche contribuiscono a perpetuare la memoria delle battaglie, assicurando che le lezioni apprese rimangano attuali. Infatti, tramandando queste storie, la memoria collettiva si arricchisce. Rafforzando il legame tra passato e presente, si sottolinea l'importanza di preservare la pace e la libert\u00e0. In questo modo, l'impatto culturale dello Sbarco in Normandia trascende il tempo, diventando un simbolo eterno dello spirito umano di fronte alle avversit\u00e0.<\/p>\t\t\t\t\t\t\t\t<\/div>\n\t\t\t\t<\/div>\n\t\t\t\t\t<\/div>\n\t\t<\/div>\n\t\t\t\t\t<\/div>\n\t\t<\/section>\n\t\t\t\t<section class=\"elementor-section elementor-top-section elementor-element elementor-element-5b9f6d2b elementor-section-boxed elementor-section-height-default elementor-section-height-default\" data-id=\"5b9f6d2b\" data-element_type=\"section\" data-e-type=\"section\">\n\t\t\t\t\t\t<div class=\"elementor-container elementor-column-gap-default\">\n\t\t\t\t\t<div class=\"elementor-column elementor-col-100 elementor-top-column elementor-element elementor-element-1d60e0b0\" data-id=\"1d60e0b0\" data-element_type=\"column\" data-e-type=\"column\">\n\t\t\t<div class=\"elementor-widget-wrap elementor-element-populated\">\n\t\t\t\t\t\t<div class=\"elementor-element elementor-element-1f680f71 elementor-widget elementor-widget-heading\" data-id=\"1f680f71\" data-element_type=\"widget\" data-e-type=\"widget\" data-widget_type=\"heading.default\">\n\t\t\t\t<div class=\"elementor-widget-container\">\n\t\t\t\t\t<h2 class=\"elementor-heading-title elementor-size-default\">4. Immortalare la storia con repliche autentiche<\/h2>\t\t\t\t<\/div>\n\t\t\t\t<\/div>\n\t\t\t\t<div class=\"elementor-element elementor-element-5301e441 elementor-widget elementor-widget-image\" data-id=\"5301e441\" data-element_type=\"widget\" data-e-type=\"widget\" data-widget_type=\"image.default\">\n\t\t\t\t<div class=\"elementor-widget-container\">\n\t\t\t\t\t\t\t\t\t\t\t\t<figure class=\"wp-caption\">\n\t\t\t\t\t\t\t\t\t\t<img loading=\"lazy\" decoding=\"async\" width=\"600\" height=\"300\" src=\"https:\/\/repliquemangacine.fr\/wp-content\/uploads\/2024\/02\/Les-armes-Seconde-Guerre-Mondiale-debarquement.jpg\" class=\"attachment-large size-large wp-image-69125\" alt=\"80\u1d49 anniversario dello Sbarco - armi\" srcset=\"https:\/\/repliquemangacine.fr\/wp-content\/uploads\/2024\/02\/Les-armes-Seconde-Guerre-Mondiale-debarquement.jpg 600w, https:\/\/repliquemangacine.fr\/wp-content\/uploads\/2024\/02\/Les-armes-Seconde-Guerre-Mondiale-debarquement-300x150.jpg 300w, https:\/\/repliquemangacine.fr\/wp-content\/uploads\/2024\/02\/Les-armes-Seconde-Guerre-Mondiale-debarquement-64x32.jpg 64w\" sizes=\"(max-width: 600px) 100vw, 600px\" \/>\t\t\t\t\t\t\t\t\t\t\t<figcaption class=\"widget-image-caption wp-caption-text\">Le armi dello sbarco<\/figcaption>\n\t\t\t\t\t\t\t\t\t\t<\/figure>\n\t\t\t\t\t\t\t\t\t<\/div>\n\t\t\t\t<\/div>\n\t\t\t\t<div class=\"elementor-element elementor-element-f08837d elementor-widget elementor-widget-text-editor\" data-id=\"f08837d\" data-element_type=\"widget\" data-e-type=\"widget\" data-widget_type=\"text-editor.default\">\n\t\t\t\t<div class=\"elementor-widget-container\">\n\t\t\t\t\t\t\t\t\t<p>Nella nostra ricerca di avvicinare la storia di tutti. Offriamo una selezione meticolosa di repliche di armi del marchio Denix. Permettendo ai nostri clienti di toccare le vestigia di un'epoca passata.<\/p><p>Questi oggetti da collezione includono il <a href=\"https:\/\/repliquemangacine.fr\/it\/riproduzione-armi-seconda-guerra-mondiale-denix\/fucile-m1-garand\/\">Garand M1<\/a> Quest'arma emblematica \u00e8 stata un pilastro delle forze alleate. Il <a href=\"https:\/\/repliquemangacine.fr\/it\/denix\/mitragliatrice-subacquea-mp40\/\">Pistola mitragliatrice MP40<\/a>Con il suo design riconoscibile, evoca le intense battaglie a cui ha partecipato. Il <a href=\"https:\/\/repliquemangacine.fr\/it\/denix\/pistola-automatica-m1911a1-smontabile\/\">Pistola M1911 A1<\/a> e la pistola Mauser C96 sono anch'esse icone. Le loro sagome e i loro meccanismi sono sopravvissuti alle epoche per testimoniare il genio umano nella costruzione delle armi.<\/p><p>La nostra collezione \u00e8 arricchita da accessori storici, come il <a href=\"https:\/\/repliquemangacine.fr\/it\/armi-accessorie-guerra-mondiale\/granata-m24-purea-di-stampa\/\">Granate tedesche<\/a> e USA, oltre a elmetti e molti altri accessori. Queste repliche, fedeli agli originali, contribuiscono a sensibilizzare le nuove generazioni sulla realt\u00e0 dei conflitti che hanno plasmato il nostro mondo.<\/p><p>Inserendo questi pezzi nella vostra collezione, immortalerete la storia, rendendo omaggio agli uomini e alle donne che hanno combattuto per la libert\u00e0 e la giustizia. Queste repliche autentiche offrono una finestra unica sul passato. Invitano alla riflessione e alla commemorazione, arricchendo il vostro spazio con il loro valore storico ed educativo.<\/p>\t\t\t\t\t\t\t\t<\/div>\n\t\t\t\t<\/div>\n\t\t\t\t\t<\/div>\n\t\t<\/div>\n\t\t\t\t\t<\/div>\n\t\t<\/section>\n\t\t\t\t<section class=\"elementor-section elementor-top-section elementor-element elementor-element-a96ef79 elementor-section-boxed elementor-section-height-default elementor-section-height-default\" data-id=\"a96ef79\" data-element_type=\"section\" data-e-type=\"section\">\n\t\t\t\t\t\t<div class=\"elementor-container elementor-column-gap-default\">\n\t\t\t\t\t<div class=\"elementor-column elementor-col-100 elementor-top-column elementor-element elementor-element-1e30a64\" data-id=\"1e30a64\" data-element_type=\"column\" data-e-type=\"column\">\n\t\t\t<div class=\"elementor-widget-wrap elementor-element-populated\">\n\t\t\t\t\t\t<div class=\"elementor-element elementor-element-315d461 elementor-widget elementor-widget-heading\" data-id=\"315d461\" data-element_type=\"widget\" data-e-type=\"widget\" data-widget_type=\"heading.default\">\n\t\t\t\t<div class=\"elementor-widget-container\">\n\t\t\t\t\t<h2 class=\"elementor-heading-title elementor-size-default\">5. 80\u1d49 anniversario del D-Day: siti e musei da non perdere\n<\/h2>\t\t\t\t<\/div>\n\t\t\t\t<\/div>\n\t\t\t\t<div class=\"elementor-element elementor-element-0cdcdae elementor-widget elementor-widget-image\" data-id=\"0cdcdae\" data-element_type=\"widget\" data-e-type=\"widget\" data-widget_type=\"image.default\">\n\t\t\t\t<div class=\"elementor-widget-container\">\n\t\t\t\t\t\t\t\t\t\t\t\t<figure class=\"wp-caption\">\n\t\t\t\t\t\t\t\t\t\t<img loading=\"lazy\" decoding=\"async\" width=\"600\" height=\"300\" src=\"https:\/\/repliquemangacine.fr\/wp-content\/uploads\/2024\/02\/Cimetiere-Americain-dOmaha-Beach.jpg\" class=\"attachment-large size-large wp-image-69129\" alt=\"Sito storico Cimitero americano di Omaha Beach\" srcset=\"https:\/\/repliquemangacine.fr\/wp-content\/uploads\/2024\/02\/Cimetiere-Americain-dOmaha-Beach.jpg 600w, https:\/\/repliquemangacine.fr\/wp-content\/uploads\/2024\/02\/Cimetiere-Americain-dOmaha-Beach-300x150.jpg 300w, https:\/\/repliquemangacine.fr\/wp-content\/uploads\/2024\/02\/Cimetiere-Americain-dOmaha-Beach-64x32.jpg 64w\" sizes=\"(max-width: 600px) 100vw, 600px\" \/>\t\t\t\t\t\t\t\t\t\t\t<figcaption class=\"widget-image-caption wp-caption-text\">Cimitero americano di Omaha Beach<\/figcaption>\n\t\t\t\t\t\t\t\t\t\t<\/figure>\n\t\t\t\t\t\t\t\t\t<\/div>\n\t\t\t\t<\/div>\n\t\t\t\t<div class=\"elementor-element elementor-element-c494359 elementor-widget elementor-widget-text-editor\" data-id=\"c494359\" data-element_type=\"widget\" data-e-type=\"widget\" data-widget_type=\"text-editor.default\">\n\t\t\t\t<div class=\"elementor-widget-container\">\n\t\t\t\t\t\t\t\t\t<p>La storia del D-Day pu\u00f2 essere raccontata non solo attraverso libri e documentari. \u00c8 anche possibile visitare i luoghi in cui questo evento storico ha avuto luogo. La Normandia ospita una moltitudine di siti e musei dedicati allo sbarco del 6 giugno 1944. Essi offrono una visione approfondita degli eventi che hanno cambiato il corso della Seconda Guerra Mondiale.<\/p><p>Tra questi, il<a href=\"https:\/\/utah-beach.com\/\" target=\"_blank\" rel=\"noopener noreferrer\">Spiaggia dello Utah<\/a> presenta un'impressionante collezione di oggetti che testimoniano gli sbarchi su questa spiaggia. Il Memoriale di Caen offre una riflessione sulla guerra e sulla pace attraverso mostre toccanti. Il Cimitero americano, che si affaccia su Omaha Beach, offre un luogo di commemorazione per le migliaia di soldati caduti. Non lontano, il <a href=\"https:\/\/airborne-museum.org\/\" target=\"_blank\" rel=\"noopener noreferrer\">Museo dell'aviazione<\/a> Sainte-M\u00e8re-\u00c9glise rende omaggio ai paracadutisti alleati e alle loro azioni eroiche. Infine, la Pointe du Hoc, con le sue scogliere e i suoi bunker, rimane una struggente testimonianza dell'audacia del raid americano.<\/p><p>In conclusione, ognuno di questi siti e musei contribuisce alla nostra memoria collettiva. Permettendoci di comprendere la portata e la complessit\u00e0 dell'Operazione Overlord. Cos\u00ec, rendendo omaggio a coloro che hanno sacrificato le loro vite per <strong>Il nostro<\/strong> libert\u00e0.<\/p>\t\t\t\t\t\t\t\t<\/div>\n\t\t\t\t<\/div>\n\t\t\t\t\t<\/div>\n\t\t<\/div>\n\t\t\t\t\t<\/div>\n\t\t<\/section>\n\t\t\t\t<\/div>","protected":false},"excerpt":{"rendered":"<p>Pour commencer, cette ann\u00e9e 2024 sera marqu\u00e9 avec beaucoup d&#8217;\u00e9motions par le 80\u1d49 anniversaire du D\u00e9barquement et la Bataille de Normandie. Comm\u00e9moration internationale en pr\u00e9sence de chefs d\u2019\u00c9tat, feux d\u2019artifices g\u00e9ants, concerts, parachutages, bals\u2026 Le 6 juin 2024, la c\u00e9r\u00e9monie internationale se d\u00e9roulera \u00e0 Saint-Laurent-sur-Mer (Omaha Beach). Elle ne sera accessible que sur invitation. Aux [&hellip;]<\/p>\n","protected":false},"author":7689,"featured_media":69154,"comment_status":"open","ping_status":"open","sticky":false,"template":"","format":"standard","meta":{"footnotes":""},"categories":[840],"tags":[],"class_list":["post-69071","post","type-post","status-publish","format-standard","has-post-thumbnail","hentry","category-evenements"],"yoast_head":"<!-- This site is optimized with the Yoast SEO plugin v27.5 - https:\/\/yoast.com\/product\/yoast-seo-wordpress\/ -->\n<title>80\u1d49 anniversaire du D\u00e9barquement de Normandie | R\u00e9plique Manga Cin\u00e9<\/title>\n<meta name=\"description\" content=\"Plongez dans le 80\u1d49 anniversaire du D\u00e9barquement et la Bataille de Normandie : un hommage aux h\u00e9ros, une c\u00e9l\u00e9bration pour ne jamais oublier.\" \/>\n<meta name=\"robots\" content=\"index, follow, max-snippet:-1, max-image-preview:large, max-video-preview:-1\" \/>\n<link rel=\"canonical\" href=\"https:\/\/repliquemangacine.fr\/it\/80\u1d49-anniversario-del-d-day\/\" \/>\n<meta property=\"og:locale\" content=\"it_IT\" \/>\n<meta property=\"og:type\" content=\"article\" \/>\n<meta property=\"og:title\" content=\"80\u1d49 anniversaire du D\u00e9barquement de Normandie | R\u00e9plique Manga Cin\u00e9\" \/>\n<meta property=\"og:description\" content=\"Plongez dans le 80\u1d49 anniversaire du D\u00e9barquement et la Bataille de Normandie : un hommage aux h\u00e9ros, une c\u00e9l\u00e9bration pour ne jamais oublier.\" \/>\n<meta property=\"og:url\" content=\"https:\/\/repliquemangacine.fr\/it\/80\u1d49-anniversario-del-d-day\/\" \/>\n<meta property=\"og:site_name\" content=\"R\u00e9plique Manga Cin\u00e9\" \/>\n<meta property=\"article:publisher\" content=\"https:\/\/www.facebook.com\/RepliqueMangaCine\" \/>\n<meta property=\"article:published_time\" content=\"2024-02-10T18:22:43+00:00\" \/>\n<meta property=\"article:modified_time\" content=\"2024-03-19T13:49:16+00:00\" \/>\n<meta property=\"og:image\" content=\"https:\/\/repliquemangacine.fr\/wp-content\/uploads\/2024\/02\/80e-anniversaire-du-debarquement-1.jpg\" \/>\n\t<meta property=\"og:image:width\" content=\"600\" \/>\n\t<meta property=\"og:image:height\" content=\"300\" \/>\n\t<meta property=\"og:image:type\" content=\"image\/jpeg\" \/>\n<meta name=\"author\" content=\"coquizart RMC\" \/>\n<meta name=\"twitter:card\" content=\"summary_large_image\" \/>\n<meta name=\"twitter:label1\" content=\"Scritto da\" \/>\n\t<meta name=\"twitter:data1\" content=\"coquizart RMC\" \/>\n\t<meta name=\"twitter:label2\" content=\"Tempo di lettura stimato\" \/>\n\t<meta name=\"twitter:data2\" content=\"8 minuti\" \/>\n<script type=\"application\/ld+json\" class=\"yoast-schema-graph\">{\"@context\":\"https:\\\/\\\/schema.org\",\"@graph\":[{\"@type\":[\"Article\",\"BlogPosting\"],\"@id\":\"https:\\\/\\\/repliquemangacine.fr\\\/80%e1%b5%89-anniversaire-du-debarquement\\\/#article\",\"isPartOf\":{\"@id\":\"https:\\\/\\\/repliquemangacine.fr\\\/80%e1%b5%89-anniversaire-du-debarquement\\\/\"},\"author\":{\"name\":\"coquizart RMC\",\"@id\":\"https:\\\/\\\/repliquemangacine.fr\\\/#\\\/schema\\\/person\\\/08aed5adc9a5f0461480af5bd8fda389\"},\"headline\":\"80\u1d49 anniversaire du D\u00e9barquement de Normandie\",\"datePublished\":\"2024-02-10T18:22:43+00:00\",\"dateModified\":\"2024-03-19T13:49:16+00:00\",\"mainEntityOfPage\":{\"@id\":\"https:\\\/\\\/repliquemangacine.fr\\\/80%e1%b5%89-anniversaire-du-debarquement\\\/\"},\"wordCount\":1348,\"commentCount\":0,\"publisher\":{\"@id\":\"https:\\\/\\\/repliquemangacine.fr\\\/#organization\"},\"image\":{\"@id\":\"https:\\\/\\\/repliquemangacine.fr\\\/80%e1%b5%89-anniversaire-du-debarquement\\\/#primaryimage\"},\"thumbnailUrl\":\"https:\\\/\\\/repliquemangacine.fr\\\/wp-content\\\/uploads\\\/2024\\\/02\\\/80e-anniversaire-du-debarquement-1.jpg\",\"articleSection\":[\"Ev\u00e8nements\"],\"inLanguage\":\"it-IT\",\"potentialAction\":[{\"@type\":\"CommentAction\",\"name\":\"Comment\",\"target\":[\"https:\\\/\\\/repliquemangacine.fr\\\/80%e1%b5%89-anniversaire-du-debarquement\\\/#respond\"]}]},{\"@type\":\"WebPage\",\"@id\":\"https:\\\/\\\/repliquemangacine.fr\\\/80%e1%b5%89-anniversaire-du-debarquement\\\/\",\"url\":\"https:\\\/\\\/repliquemangacine.fr\\\/80%e1%b5%89-anniversaire-du-debarquement\\\/\",\"name\":\"80\u1d49 anniversaire du D\u00e9barquement de Normandie | R\u00e9plique Manga Cin\u00e9\",\"isPartOf\":{\"@id\":\"https:\\\/\\\/repliquemangacine.fr\\\/#website\"},\"primaryImageOfPage\":{\"@id\":\"https:\\\/\\\/repliquemangacine.fr\\\/80%e1%b5%89-anniversaire-du-debarquement\\\/#primaryimage\"},\"image\":{\"@id\":\"https:\\\/\\\/repliquemangacine.fr\\\/80%e1%b5%89-anniversaire-du-debarquement\\\/#primaryimage\"},\"thumbnailUrl\":\"https:\\\/\\\/repliquemangacine.fr\\\/wp-content\\\/uploads\\\/2024\\\/02\\\/80e-anniversaire-du-debarquement-1.jpg\",\"datePublished\":\"2024-02-10T18:22:43+00:00\",\"dateModified\":\"2024-03-19T13:49:16+00:00\",\"description\":\"Plongez dans le 80\u1d49 anniversaire du D\u00e9barquement et la Bataille de Normandie : un hommage aux h\u00e9ros, une c\u00e9l\u00e9bration pour ne jamais oublier.\",\"breadcrumb\":{\"@id\":\"https:\\\/\\\/repliquemangacine.fr\\\/80%e1%b5%89-anniversaire-du-debarquement\\\/#breadcrumb\"},\"inLanguage\":\"it-IT\",\"potentialAction\":[{\"@type\":\"ReadAction\",\"target\":[\"https:\\\/\\\/repliquemangacine.fr\\\/80%e1%b5%89-anniversaire-du-debarquement\\\/\"]}]},{\"@type\":\"ImageObject\",\"inLanguage\":\"it-IT\",\"@id\":\"https:\\\/\\\/repliquemangacine.fr\\\/80%e1%b5%89-anniversaire-du-debarquement\\\/#primaryimage\",\"url\":\"https:\\\/\\\/repliquemangacine.fr\\\/wp-content\\\/uploads\\\/2024\\\/02\\\/80e-anniversaire-du-debarquement-1.jpg\",\"contentUrl\":\"https:\\\/\\\/repliquemangacine.fr\\\/wp-content\\\/uploads\\\/2024\\\/02\\\/80e-anniversaire-du-debarquement-1.jpg\",\"width\":600,\"height\":300,\"caption\":\"80e-anniversaire-du-d\u00e9barquement- blog\"},{\"@type\":\"BreadcrumbList\",\"@id\":\"https:\\\/\\\/repliquemangacine.fr\\\/80%e1%b5%89-anniversaire-du-debarquement\\\/#breadcrumb\",\"itemListElement\":[{\"@type\":\"ListItem\",\"position\":1,\"name\":\"Accueil\",\"item\":\"https:\\\/\\\/repliquemangacine.fr\\\/\"},{\"@type\":\"ListItem\",\"position\":2,\"name\":\"80\u1d49 anniversaire du D\u00e9barquement de Normandie\"}]},{\"@type\":\"WebSite\",\"@id\":\"https:\\\/\\\/repliquemangacine.fr\\\/#website\",\"url\":\"https:\\\/\\\/repliquemangacine.fr\\\/\",\"name\":\"R\u00e9plique Manga Cin\u00e9\",\"description\":\"\",\"publisher\":{\"@id\":\"https:\\\/\\\/repliquemangacine.fr\\\/#organization\"},\"potentialAction\":[{\"@type\":\"SearchAction\",\"target\":{\"@type\":\"EntryPoint\",\"urlTemplate\":\"https:\\\/\\\/repliquemangacine.fr\\\/?s={search_term_string}\"},\"query-input\":{\"@type\":\"PropertyValueSpecification\",\"valueRequired\":true,\"valueName\":\"search_term_string\"}}],\"inLanguage\":\"it-IT\"},{\"@type\":\"Organization\",\"@id\":\"https:\\\/\\\/repliquemangacine.fr\\\/#organization\",\"name\":\"R\u00e9plique Manga Cin\u00e9\",\"url\":\"https:\\\/\\\/repliquemangacine.fr\\\/\",\"logo\":{\"@type\":\"ImageObject\",\"inLanguage\":\"it-IT\",\"@id\":\"https:\\\/\\\/repliquemangacine.fr\\\/#\\\/schema\\\/logo\\\/image\\\/\",\"url\":\"https:\\\/\\\/repliquemangacine.fr\\\/wp-content\\\/uploads\\\/2023\\\/10\\\/RMC-500250.png\",\"contentUrl\":\"https:\\\/\\\/repliquemangacine.fr\\\/wp-content\\\/uploads\\\/2023\\\/10\\\/RMC-500250.png\",\"width\":500,\"height\":250,\"caption\":\"R\u00e9plique Manga Cin\u00e9\"},\"image\":{\"@id\":\"https:\\\/\\\/repliquemangacine.fr\\\/#\\\/schema\\\/logo\\\/image\\\/\"},\"sameAs\":[\"https:\\\/\\\/www.facebook.com\\\/RepliqueMangaCine\",\"https:\\\/\\\/www.instagram.com\\\/repliquemangacine.fr\\\/\"]},{\"@type\":\"Person\",\"@id\":\"https:\\\/\\\/repliquemangacine.fr\\\/#\\\/schema\\\/person\\\/08aed5adc9a5f0461480af5bd8fda389\",\"name\":\"coquizart RMC\"}]}<\/script>\n<!-- \/ Yoast SEO plugin. -->","yoast_head_json":{"title":"80\u1d49 anniversario dello sbarco in Normandia | R\u00e9plique Manga Cin\u00e9","description":"Immergetevi nell'80\u1d49 anniversario del D-Day e della Battaglia di Normandia: un tributo agli eroi, una celebrazione per non dimenticare.","robots":{"index":"index","follow":"follow","max-snippet":"max-snippet:-1","max-image-preview":"max-image-preview:large","max-video-preview":"max-video-preview:-1"},"canonical":"https:\/\/repliquemangacine.fr\/it\/80\u1d49-anniversario-del-d-day\/","og_locale":"it_IT","og_type":"article","og_title":"80\u1d49 anniversaire du D\u00e9barquement de Normandie | R\u00e9plique Manga Cin\u00e9","og_description":"Plongez dans le 80\u1d49 anniversaire du D\u00e9barquement et la Bataille de Normandie : un hommage aux h\u00e9ros, une c\u00e9l\u00e9bration pour ne jamais oublier.","og_url":"https:\/\/repliquemangacine.fr\/it\/80\u1d49-anniversario-del-d-day\/","og_site_name":"R\u00e9plique Manga Cin\u00e9","article_publisher":"https:\/\/www.facebook.com\/RepliqueMangaCine","article_published_time":"2024-02-10T18:22:43+00:00","article_modified_time":"2024-03-19T13:49:16+00:00","og_image":[{"width":600,"height":300,"url":"https:\/\/repliquemangacine.fr\/wp-content\/uploads\/2024\/02\/80e-anniversaire-du-debarquement-1.jpg","type":"image\/jpeg"}],"author":"coquizart RMC","twitter_card":"summary_large_image","twitter_misc":{"Scritto da":"coquizart RMC","Tempo di lettura stimato":"8 minuti"},"schema":{"@context":"https:\/\/schema.org","@graph":[{"@type":["Article","BlogPosting"],"@id":"https:\/\/repliquemangacine.fr\/80%e1%b5%89-anniversaire-du-debarquement\/#article","isPartOf":{"@id":"https:\/\/repliquemangacine.fr\/80%e1%b5%89-anniversaire-du-debarquement\/"},"author":{"name":"coquizart RMC","@id":"https:\/\/repliquemangacine.fr\/#\/schema\/person\/08aed5adc9a5f0461480af5bd8fda389"},"headline":"80\u1d49 anniversaire du D\u00e9barquement de Normandie","datePublished":"2024-02-10T18:22:43+00:00","dateModified":"2024-03-19T13:49:16+00:00","mainEntityOfPage":{"@id":"https:\/\/repliquemangacine.fr\/80%e1%b5%89-anniversaire-du-debarquement\/"},"wordCount":1348,"commentCount":0,"publisher":{"@id":"https:\/\/repliquemangacine.fr\/#organization"},"image":{"@id":"https:\/\/repliquemangacine.fr\/80%e1%b5%89-anniversaire-du-debarquement\/#primaryimage"},"thumbnailUrl":"https:\/\/repliquemangacine.fr\/wp-content\/uploads\/2024\/02\/80e-anniversaire-du-debarquement-1.jpg","articleSection":["Ev\u00e8nements"],"inLanguage":"it-IT","potentialAction":[{"@type":"CommentAction","name":"Comment","target":["https:\/\/repliquemangacine.fr\/80%e1%b5%89-anniversaire-du-debarquement\/#respond"]}]},{"@type":"WebPage","@id":"https:\/\/repliquemangacine.fr\/80%e1%b5%89-anniversaire-du-debarquement\/","url":"https:\/\/repliquemangacine.fr\/80%e1%b5%89-anniversaire-du-debarquement\/","name":"80\u1d49 anniversario dello sbarco in Normandia | R\u00e9plique Manga Cin\u00e9","isPartOf":{"@id":"https:\/\/repliquemangacine.fr\/#website"},"primaryImageOfPage":{"@id":"https:\/\/repliquemangacine.fr\/80%e1%b5%89-anniversaire-du-debarquement\/#primaryimage"},"image":{"@id":"https:\/\/repliquemangacine.fr\/80%e1%b5%89-anniversaire-du-debarquement\/#primaryimage"},"thumbnailUrl":"https:\/\/repliquemangacine.fr\/wp-content\/uploads\/2024\/02\/80e-anniversaire-du-debarquement-1.jpg","datePublished":"2024-02-10T18:22:43+00:00","dateModified":"2024-03-19T13:49:16+00:00","description":"Immergetevi nell'80\u1d49 anniversario del D-Day e della Battaglia di Normandia: un tributo agli eroi, una celebrazione per non dimenticare.","breadcrumb":{"@id":"https:\/\/repliquemangacine.fr\/80%e1%b5%89-anniversaire-du-debarquement\/#breadcrumb"},"inLanguage":"it-IT","potentialAction":[{"@type":"ReadAction","target":["https:\/\/repliquemangacine.fr\/80%e1%b5%89-anniversaire-du-debarquement\/"]}]},{"@type":"ImageObject","inLanguage":"it-IT","@id":"https:\/\/repliquemangacine.fr\/80%e1%b5%89-anniversaire-du-debarquement\/#primaryimage","url":"https:\/\/repliquemangacine.fr\/wp-content\/uploads\/2024\/02\/80e-anniversaire-du-debarquement-1.jpg","contentUrl":"https:\/\/repliquemangacine.fr\/wp-content\/uploads\/2024\/02\/80e-anniversaire-du-debarquement-1.jpg","width":600,"height":300,"caption":"80e-anniversaire-du-d\u00e9barquement- blog"},{"@type":"BreadcrumbList","@id":"https:\/\/repliquemangacine.fr\/80%e1%b5%89-anniversaire-du-debarquement\/#breadcrumb","itemListElement":[{"@type":"ListItem","position":1,"name":"Accueil","item":"https:\/\/repliquemangacine.fr\/"},{"@type":"ListItem","position":2,"name":"80\u1d49 anniversaire du D\u00e9barquement de Normandie"}]},{"@type":"WebSite","@id":"https:\/\/repliquemangacine.fr\/#website","url":"https:\/\/repliquemangacine.fr\/","name":"R\u00e9plique Manga Cin\u00e9","description":"","publisher":{"@id":"https:\/\/repliquemangacine.fr\/#organization"},"potentialAction":[{"@type":"SearchAction","target":{"@type":"EntryPoint","urlTemplate":"https:\/\/repliquemangacine.fr\/?s={search_term_string}"},"query-input":{"@type":"PropertyValueSpecification","valueRequired":true,"valueName":"search_term_string"}}],"inLanguage":"it-IT"},{"@type":"Organization","@id":"https:\/\/repliquemangacine.fr\/#organization","name":"R\u00e9plique Manga Cin\u00e9","url":"https:\/\/repliquemangacine.fr\/","logo":{"@type":"ImageObject","inLanguage":"it-IT","@id":"https:\/\/repliquemangacine.fr\/#\/schema\/logo\/image\/","url":"https:\/\/repliquemangacine.fr\/wp-content\/uploads\/2023\/10\/RMC-500250.png","contentUrl":"https:\/\/repliquemangacine.fr\/wp-content\/uploads\/2023\/10\/RMC-500250.png","width":500,"height":250,"caption":"R\u00e9plique Manga Cin\u00e9"},"image":{"@id":"https:\/\/repliquemangacine.fr\/#\/schema\/logo\/image\/"},"sameAs":["https:\/\/www.facebook.com\/RepliqueMangaCine","https:\/\/www.instagram.com\/repliquemangacine.fr\/"]},{"@type":"Person","@id":"https:\/\/repliquemangacine.fr\/#\/schema\/person\/08aed5adc9a5f0461480af5bd8fda389","name":"coquizart RMC"}]}},"_links":{"self":[{"href":"https:\/\/repliquemangacine.fr\/it\/wp-json\/wp\/v2\/posts\/69071","targetHints":{"allow":["GET"]}}],"collection":[{"href":"https:\/\/repliquemangacine.fr\/it\/wp-json\/wp\/v2\/posts"}],"about":[{"href":"https:\/\/repliquemangacine.fr\/it\/wp-json\/wp\/v2\/types\/post"}],"author":[{"embeddable":true,"href":"https:\/\/repliquemangacine.fr\/it\/wp-json\/wp\/v2\/users\/7689"}],"replies":[{"embeddable":true,"href":"https:\/\/repliquemangacine.fr\/it\/wp-json\/wp\/v2\/comments?post=69071"}],"version-history":[{"count":1,"href":"https:\/\/repliquemangacine.fr\/it\/wp-json\/wp\/v2\/posts\/69071\/revisions"}],"predecessor-version":[{"id":96286,"href":"https:\/\/repliquemangacine.fr\/it\/wp-json\/wp\/v2\/posts\/69071\/revisions\/96286"}],"wp:featuredmedia":[{"embeddable":true,"href":"https:\/\/repliquemangacine.fr\/it\/wp-json\/wp\/v2\/media\/69154"}],"wp:attachment":[{"href":"https:\/\/repliquemangacine.fr\/it\/wp-json\/wp\/v2\/media?parent=69071"}],"wp:term":[{"taxonomy":"category","embeddable":true,"href":"https:\/\/repliquemangacine.fr\/it\/wp-json\/wp\/v2\/categories?post=69071"},{"taxonomy":"post_tag","embeddable":true,"href":"https:\/\/repliquemangacine.fr\/it\/wp-json\/wp\/v2\/tags?post=69071"}],"curies":[{"name":"wp","href":"https:\/\/api.w.org\/{rel}","templated":true}]}}