





{"id":74576,"date":"2024-09-14T20:36:24","date_gmt":"2024-09-14T18:36:24","guid":{"rendered":"https:\/\/repliquemangacine.fr\/?p=74576"},"modified":"2024-09-22T14:30:20","modified_gmt":"2024-09-22T12:30:20","slug":"la-guerra-de-los-rohirrim-en-la-tierra-media","status":"publish","type":"post","link":"https:\/\/repliquemangacine.fr\/es\/la-guerre-des-rohirrim-retour-en-terre-du-milieu\/","title":{"rendered":"La Guerra de los Rohirrim: Regreso a la Tierra Media"},"content":{"rendered":"<p>Para empezar, El Se\u00f1or de los Anillos: La Guerra de los Rohirrim. Una pel\u00edcula de animaci\u00f3n cuyo estreno est\u00e1 previsto en Francia para el 11 de diciembre de 2024. Este nuevo opus nos sumerge mucho antes de los acontecimientos de la famosa trilog\u00eda. Una \u00e9poca marcada por el valor y las batallas \u00e9picas del pueblo de Rohan.<\/p>\n<p>La historia tiene lugar casi 200 a\u00f1os antes de la trilog\u00eda que conocemos hoy. Durante el reinado de Helm Mano de Martillo, el noveno rey de Rohan. Esta precuela explora un momento clave en la historia de Rohan: la guerra contra los Dunlendings. Un conflicto que llev\u00f3 a la creaci\u00f3n del Abismo de Helm, la m\u00edtica fortaleza en el coraz\u00f3n de las Dos Torres.<\/p>\n<p>Inspirado en los ap\u00e9ndices de El Retorno del Rey, donde Tolkien revela detalles fascinantes sobre la Casa de Eorl. Si tienes curiosidad por saber m\u00e1s sobre los or\u00edgenes de esta tierra de jinetes legendarios. En conclusi\u00f3n, la Guerra de los Rohirrim te ofrecer\u00e1 un espect\u00e1culo digno de tal nombre.<\/p>\n<h2>1. Un reparto de prestigio y un retorno a nuestros or\u00edgenes<\/h2>\n<p>\t\thttps:\/\/www.youtube.com\/watch?v=a_96wcHoJmA<\/p>\n<p>En primer lugar, el reparto de voces es impresionante, con algunos actores de renombre. Como Brian Cox (Helm Hammerhand) y Miranda Otto, que retoma su papel de \u00c9owyn para narrar la historia. Adem\u00e1s, aunque Peter Jackson no participa en este proyecto, no es el \u00fanico. Muchos veteranos de las trilog\u00edas de El Anillo y El Hobbit, como Philippa Boyens (productora ejecutiva). De hecho, Philippa Boyens est\u00e1 pasando la antorcha a su hija, Phoebe Gittins. Criada por su madre en el plat\u00f3 de las dos trilog\u00edas de Peter Jackson. \"Cuando has crecido en Rohan, es m\u00e1s f\u00e1cil escribir una pel\u00edcula sobre Rohan\", dice el productor de la pel\u00edcula, Jason DeMarco.<\/p>\n<p>La animaci\u00f3n, dirigida por Kenji Kamiyama, mezcla varias t\u00e9cnicas. En particular, animaci\u00f3n tradicional y CGI, al tiempo que se inspira en la est\u00e9tica visual de las pel\u00edculas originales de Peter Jackson. Kamiyama, conocido por su trabajo y estilo, promete captar la esencia heroica y dram\u00e1tica de Rohan.<\/p>\n<p>El equipo t\u00e9cnico de la pel\u00edcula tambi\u00e9n ha reunido a varias figuras legendarias de las pel\u00edculas de Peter Jackson. Los ilustradores John Howe y Alan Lee, as\u00ed como el especialista en efectos especiales Richard Taylor.<\/p>\n<h2>2. La guerra de los Rohirrim: un proyecto largamente esperado<\/h2>\n<figure>\n\t\t\t\t\t\t\t\t\t\t<img fetchpriority=\"high\" decoding=\"async\" width=\"600\" height=\"300\" src=\"https:\/\/repliquemangacine.fr\/wp-content\/uploads\/2024\/09\/La-Guerre-des-Rohirrim.jpg\" alt=\"Batalla de La-Guerre-des-Rohirrim\" srcset=\"https:\/\/repliquemangacine.fr\/wp-content\/uploads\/2024\/09\/La-Guerre-des-Rohirrim.jpg 600w, https:\/\/repliquemangacine.fr\/wp-content\/uploads\/2024\/09\/La-Guerre-des-Rohirrim-300x150.jpg 300w, https:\/\/repliquemangacine.fr\/wp-content\/uploads\/2024\/09\/La-Guerre-des-Rohirrim-64x32.jpg 64w\" sizes=\"(max-width: 600px) 100vw, 600px\" \/><figcaption><\/figcaption><\/figure>\n<p>Este proyecto de animaci\u00f3n se anunci\u00f3 en 2021, durante las celebraciones del 20\u1d49 aniversario de La Comunidad del Anillo. Tambi\u00e9n hay que decir que la expectaci\u00f3n en torno a la pel\u00edcula no ha dejado de crecer. Las primeras im\u00e1genes desveladas en el festival de Annecy 2023 confirman la envergadura del proyecto.<\/p>\n<p>As\u00ed, en el Festival de Cine de Animaci\u00f3n de Annecy, Andy Serkis, el famoso int\u00e9rprete de Gollum en particular, presenta La guerra de los Rohirrim, la pel\u00edcula de animaci\u00f3n de Kenji Kamiyama. presenta La guerra de los Rohirrim, la pel\u00edcula de animaci\u00f3n de Kenji Kamiyama. Adem\u00e1s, en el festival se proyectaron casi 20 minutos de extractos, junto con una agradable sorpresa para los fans de la saga.<\/p>\n<p>Aqu\u00ed tienes la oportunidad de saber m\u00e1s sobre lo que te espera, gracias a las im\u00e1genes de Entertainment Weekly. Se han utilizado varias t\u00e9cnicas de animaci\u00f3n. Desde CGI hasta animaci\u00f3n 2D m\u00e1s tradicional, pasando por el uso de t\u00e9cnicas de captura de actuaciones. En aras del realismo, los animadores de la pel\u00edcula estudiaron a los caballos y practicaron la equitaci\u00f3n.<\/p>\n<h2>3. Descubre r\u00e9plicas de las legendarias espadas de la Tierra Media<br \/>\n<\/h2>\n<figure>\n\t\t\t\t\t\t\t\t\t\t<img decoding=\"async\" width=\"600\" height=\"300\" src=\"https:\/\/repliquemangacine.fr\/wp-content\/uploads\/2024\/09\/les-epees.jpg\" alt=\"Espadas de El Se\u00f1or de los Anillos\" srcset=\"https:\/\/repliquemangacine.fr\/wp-content\/uploads\/2024\/09\/les-epees.jpg 600w, https:\/\/repliquemangacine.fr\/wp-content\/uploads\/2024\/09\/les-epees-300x150.jpg 300w, https:\/\/repliquemangacine.fr\/wp-content\/uploads\/2024\/09\/les-epees-64x32.jpg 64w\" sizes=\"(max-width: 600px) 100vw, 600px\" \/><figcaption><\/figcaption><\/figure>\n<p>El Se\u00f1or de los Anillos: La Guerra de los Rohirrim\". Es el momento perfecto para sumergirse en el legendario universo de Tolkien. Un mundo de batallas \u00e9picas, h\u00e9roes valientes y, por supuesto, armas legendarias.<\/p>\n<p>Entre estas armas, las espadas ocupan un lugar central, como la majestuosa <a href=\"https:\/\/repliquemangacine.fr\/es\/espadas-y-dagas-los-anillos-del-poder\/espada-anduril-aragorn-el-senor-de-los-anillos\/\">And\u00faril<\/a> reforjada al final de la Tercera Edad. La espada del antepasado de Aragorn, el Rey Elendil.  Tambi\u00e9n hay una <a href=\"https:\/\/repliquemangacine.fr\/es\/espadas-del-senor-de-los-anillos\/espada-theoden-espada-herugrim\/\">\u00a0Herugrim<\/a>blandida por el rey Th\u00e9oden. Adem\u00e1s del<a href=\"https:\/\/repliquemangacine.fr\/es\/las-espadas-del-hobbit\/senor-de-los-anillos-glamdring-gandalf-espada\/\">Espada Glamdring<\/a> del mago Gandalf. De hecho, es la espada hermana del<a href=\"https:\/\/repliquemangacine.fr\/es\/las-espadas-del-hobbit\/espada-orcrist-espada-thorin\/\">Orcrist<\/a> en El Hobbit. Y no olvidemos la espada Dard de Frodo y mucho m\u00e1s por descubrir.<\/p>\n<p>En conclusi\u00f3n, si le fascinan estos s\u00edmbolos de poder y valor. Nuestra colecci\u00f3n de espadas de El Se\u00f1or de los Anillos le permite poseer un pedazo de esta leyenda. Perfectas para cualquier coleccionista o fan del universo de la Tierra Media.<\/p>\n<h2>4. Por qu\u00e9 la Guerra de los Rohirrim es una pel\u00edcula imprescindible<\/h2>\n<figure>\n\t\t\t\t\t\t\t\t\t\t<img decoding=\"async\" width=\"600\" height=\"300\" src=\"https:\/\/repliquemangacine.fr\/wp-content\/uploads\/2024\/09\/La-Guerre-des-Rohirrim-hera.jpg\" alt=\"La-Guerre-des-Rohirrim hera\" srcset=\"https:\/\/repliquemangacine.fr\/wp-content\/uploads\/2024\/09\/La-Guerre-des-Rohirrim-hera.jpg 600w, https:\/\/repliquemangacine.fr\/wp-content\/uploads\/2024\/09\/La-Guerre-des-Rohirrim-hera-300x150.jpg 300w, https:\/\/repliquemangacine.fr\/wp-content\/uploads\/2024\/09\/La-Guerre-des-Rohirrim-hera-64x32.jpg 64w\" sizes=\"(max-width: 600px) 100vw, 600px\" \/><figcaption><\/figcaption><\/figure>\n<p>En primer lugar, el regreso a la Tierra Media, en forma de animaci\u00f3n. Esto nos permite explorar aspectos poco tratados en las pel\u00edculas anteriores. Adem\u00e1s, el director <a href=\"https:\/\/fr.wikipedia.org\/wiki\/Kenji_Kamiyama\" target=\"_blank\" rel=\"noopener noreferrer\">Kamiyama<\/a> explicado: <em>Cuando recib\u00ed la llamada de Warner, lo primero que pens\u00e9 fue que ser\u00eda imposible. Ser\u00eda imposible hacer este tipo de historia. Imposible hacerlo en animaci\u00f3n a mano. Demasiados caballos, demasiados detalles, demasiados personajes. Estuve a punto de decir que no, pero luego me di cuenta de que s\u00f3lo se tiene una oportunidad as\u00ed una vez en la vida. Ten\u00eda que arriesgarme.  \"Desde el principio, esta pel\u00edcula fue un salto al vac\u00edo. La hicimos por amor a este universo y a este mundo. Cada vez ten\u00edamos dudas, cada vez est\u00e1bamos perdidos. Estaba Tolkien y estaba Philippa, su magn\u00edfico gui\u00f3n y sus fabulosos personajes. La pel\u00edcula fue un viaje a lo desconocido. Pensar que su estreno est\u00e1 previsto para Navidad parece incre\u00edble. Hemos estado librando una guerra y esa guerra est\u00e1 a punto de terminar. Esperamos que juzguen que hemos salido victoriosos\".<\/em><\/p>\n<p>\u00a0<\/p>","protected":false},"excerpt":{"rendered":"<p>Pour commencer, Le Seigneur des Anneaux : La Guerre des Rohirrim&#8221;. Un film d&#8217;animation pr\u00e9vu pour le 11 d\u00e9cembre 2024 en France. Ce nouvel opus nous plonge bien avant les \u00e9v\u00e9nements de la c\u00e9l\u00e8bre trilogie. Dans une \u00e9poque marqu\u00e9e par le courage et les batailles \u00e9piques du peuple du Rohan. En effet, l&#8217;histoire se d\u00e9roule [&hellip;]<\/p>\n","protected":false},"author":7689,"featured_media":74765,"comment_status":"closed","ping_status":"closed","sticky":false,"template":"","format":"standard","meta":{"footnotes":""},"categories":[840],"tags":[],"class_list":["post-74576","post","type-post","status-publish","format-standard","has-post-thumbnail","hentry","category-evenements"],"yoast_head":"<!-- This site is optimized with the Yoast SEO plugin v27.5 - https:\/\/yoast.com\/product\/yoast-seo-wordpress\/ -->\n<title>La Guerre des Rohirrim : Retour en Terre du Milieu<\/title>\n<meta name=\"description\" content=\"Tout savoir sur La Guerre des Rohirrim : Retour en Terre du Milieu avec un pr\u00e9quel \u00e9pique ! Pr\u00e9parez-vous \u00e0 revivre la magie de cet univers\" \/>\n<meta name=\"robots\" content=\"index, follow, max-snippet:-1, max-image-preview:large, max-video-preview:-1\" \/>\n<link rel=\"canonical\" href=\"https:\/\/repliquemangacine.fr\/es\/la-guerra-de-los-rohirrim-en-la-tierra-media\/\" \/>\n<meta property=\"og:locale\" content=\"es_ES\" \/>\n<meta property=\"og:type\" content=\"article\" \/>\n<meta property=\"og:title\" content=\"La Guerre des Rohirrim : Retour en Terre du Milieu\" \/>\n<meta property=\"og:description\" content=\"Tout savoir sur La Guerre des Rohirrim : Retour en Terre du Milieu avec un pr\u00e9quel \u00e9pique ! Pr\u00e9parez-vous \u00e0 revivre la magie de cet univers\" \/>\n<meta property=\"og:url\" content=\"https:\/\/repliquemangacine.fr\/es\/la-guerra-de-los-rohirrim-en-la-tierra-media\/\" \/>\n<meta property=\"og:site_name\" content=\"R\u00e9plique Manga Cin\u00e9\" \/>\n<meta property=\"article:publisher\" content=\"https:\/\/www.facebook.com\/RepliqueMangaCine\" \/>\n<meta property=\"article:published_time\" content=\"2024-09-14T18:36:24+00:00\" \/>\n<meta property=\"article:modified_time\" content=\"2024-09-22T12:30:20+00:00\" \/>\n<meta property=\"og:image\" content=\"https:\/\/repliquemangacine.fr\/wp-content\/uploads\/2024\/09\/vignette.jpg\" \/>\n\t<meta property=\"og:image:width\" content=\"600\" \/>\n\t<meta property=\"og:image:height\" content=\"300\" \/>\n\t<meta property=\"og:image:type\" content=\"image\/jpeg\" \/>\n<meta name=\"author\" content=\"coquizart RMC\" \/>\n<meta name=\"twitter:card\" content=\"summary_large_image\" \/>\n<meta name=\"twitter:label1\" content=\"Escrito por\" \/>\n\t<meta name=\"twitter:data1\" content=\"coquizart RMC\" \/>\n\t<meta name=\"twitter:label2\" content=\"Tiempo de lectura\" \/>\n\t<meta name=\"twitter:data2\" content=\"6 minutos\" \/>\n<script type=\"application\/ld+json\" class=\"yoast-schema-graph\">{\"@context\":\"https:\\\/\\\/schema.org\",\"@graph\":[{\"@type\":[\"Article\",\"BlogPosting\"],\"@id\":\"https:\\\/\\\/repliquemangacine.fr\\\/la-guerre-des-rohirrim-retour-en-terre-du-milieu\\\/#article\",\"isPartOf\":{\"@id\":\"https:\\\/\\\/repliquemangacine.fr\\\/la-guerre-des-rohirrim-retour-en-terre-du-milieu\\\/\"},\"author\":{\"name\":\"coquizart RMC\",\"@id\":\"https:\\\/\\\/repliquemangacine.fr\\\/#\\\/schema\\\/person\\\/08aed5adc9a5f0461480af5bd8fda389\"},\"headline\":\"La Guerre des Rohirrim : Retour en Terre du Milieu\",\"datePublished\":\"2024-09-14T18:36:24+00:00\",\"dateModified\":\"2024-09-22T12:30:20+00:00\",\"mainEntityOfPage\":{\"@id\":\"https:\\\/\\\/repliquemangacine.fr\\\/la-guerre-des-rohirrim-retour-en-terre-du-milieu\\\/\"},\"wordCount\":1007,\"publisher\":{\"@id\":\"https:\\\/\\\/repliquemangacine.fr\\\/#organization\"},\"image\":{\"@id\":\"https:\\\/\\\/repliquemangacine.fr\\\/la-guerre-des-rohirrim-retour-en-terre-du-milieu\\\/#primaryimage\"},\"thumbnailUrl\":\"https:\\\/\\\/repliquemangacine.fr\\\/wp-content\\\/uploads\\\/2024\\\/09\\\/vignette.jpg\",\"articleSection\":[\"Ev\u00e8nements\"],\"inLanguage\":\"es\"},{\"@type\":\"WebPage\",\"@id\":\"https:\\\/\\\/repliquemangacine.fr\\\/la-guerre-des-rohirrim-retour-en-terre-du-milieu\\\/\",\"url\":\"https:\\\/\\\/repliquemangacine.fr\\\/la-guerre-des-rohirrim-retour-en-terre-du-milieu\\\/\",\"name\":\"La Guerre des Rohirrim : Retour en Terre du Milieu\",\"isPartOf\":{\"@id\":\"https:\\\/\\\/repliquemangacine.fr\\\/#website\"},\"primaryImageOfPage\":{\"@id\":\"https:\\\/\\\/repliquemangacine.fr\\\/la-guerre-des-rohirrim-retour-en-terre-du-milieu\\\/#primaryimage\"},\"image\":{\"@id\":\"https:\\\/\\\/repliquemangacine.fr\\\/la-guerre-des-rohirrim-retour-en-terre-du-milieu\\\/#primaryimage\"},\"thumbnailUrl\":\"https:\\\/\\\/repliquemangacine.fr\\\/wp-content\\\/uploads\\\/2024\\\/09\\\/vignette.jpg\",\"datePublished\":\"2024-09-14T18:36:24+00:00\",\"dateModified\":\"2024-09-22T12:30:20+00:00\",\"description\":\"Tout savoir sur La Guerre des Rohirrim : Retour en Terre du Milieu avec un pr\u00e9quel \u00e9pique ! Pr\u00e9parez-vous \u00e0 revivre la magie de cet univers\",\"breadcrumb\":{\"@id\":\"https:\\\/\\\/repliquemangacine.fr\\\/la-guerre-des-rohirrim-retour-en-terre-du-milieu\\\/#breadcrumb\"},\"inLanguage\":\"es\",\"potentialAction\":[{\"@type\":\"ReadAction\",\"target\":[\"https:\\\/\\\/repliquemangacine.fr\\\/la-guerre-des-rohirrim-retour-en-terre-du-milieu\\\/\"]}]},{\"@type\":\"ImageObject\",\"inLanguage\":\"es\",\"@id\":\"https:\\\/\\\/repliquemangacine.fr\\\/la-guerre-des-rohirrim-retour-en-terre-du-milieu\\\/#primaryimage\",\"url\":\"https:\\\/\\\/repliquemangacine.fr\\\/wp-content\\\/uploads\\\/2024\\\/09\\\/vignette.jpg\",\"contentUrl\":\"https:\\\/\\\/repliquemangacine.fr\\\/wp-content\\\/uploads\\\/2024\\\/09\\\/vignette.jpg\",\"width\":600,\"height\":300,\"caption\":\"The War of the Rohirrim\"},{\"@type\":\"BreadcrumbList\",\"@id\":\"https:\\\/\\\/repliquemangacine.fr\\\/la-guerre-des-rohirrim-retour-en-terre-du-milieu\\\/#breadcrumb\",\"itemListElement\":[{\"@type\":\"ListItem\",\"position\":1,\"name\":\"Accueil\",\"item\":\"https:\\\/\\\/repliquemangacine.fr\\\/\"},{\"@type\":\"ListItem\",\"position\":2,\"name\":\"La Guerre des Rohirrim : Retour en Terre du Milieu\"}]},{\"@type\":\"WebSite\",\"@id\":\"https:\\\/\\\/repliquemangacine.fr\\\/#website\",\"url\":\"https:\\\/\\\/repliquemangacine.fr\\\/\",\"name\":\"R\u00e9plique Manga Cin\u00e9\",\"description\":\"\",\"publisher\":{\"@id\":\"https:\\\/\\\/repliquemangacine.fr\\\/#organization\"},\"potentialAction\":[{\"@type\":\"SearchAction\",\"target\":{\"@type\":\"EntryPoint\",\"urlTemplate\":\"https:\\\/\\\/repliquemangacine.fr\\\/?s={search_term_string}\"},\"query-input\":{\"@type\":\"PropertyValueSpecification\",\"valueRequired\":true,\"valueName\":\"search_term_string\"}}],\"inLanguage\":\"es\"},{\"@type\":\"Organization\",\"@id\":\"https:\\\/\\\/repliquemangacine.fr\\\/#organization\",\"name\":\"R\u00e9plique Manga Cin\u00e9\",\"url\":\"https:\\\/\\\/repliquemangacine.fr\\\/\",\"logo\":{\"@type\":\"ImageObject\",\"inLanguage\":\"es\",\"@id\":\"https:\\\/\\\/repliquemangacine.fr\\\/#\\\/schema\\\/logo\\\/image\\\/\",\"url\":\"https:\\\/\\\/repliquemangacine.fr\\\/wp-content\\\/uploads\\\/2023\\\/10\\\/RMC-500250.png\",\"contentUrl\":\"https:\\\/\\\/repliquemangacine.fr\\\/wp-content\\\/uploads\\\/2023\\\/10\\\/RMC-500250.png\",\"width\":500,\"height\":250,\"caption\":\"R\u00e9plique Manga Cin\u00e9\"},\"image\":{\"@id\":\"https:\\\/\\\/repliquemangacine.fr\\\/#\\\/schema\\\/logo\\\/image\\\/\"},\"sameAs\":[\"https:\\\/\\\/www.facebook.com\\\/RepliqueMangaCine\",\"https:\\\/\\\/www.instagram.com\\\/repliquemangacine.fr\\\/\"]},{\"@type\":\"Person\",\"@id\":\"https:\\\/\\\/repliquemangacine.fr\\\/#\\\/schema\\\/person\\\/08aed5adc9a5f0461480af5bd8fda389\",\"name\":\"coquizart RMC\"}]}<\/script>\n<!-- \/ Yoast SEO plugin. -->","yoast_head_json":{"title":"La Guerra de los Rohirrim: Regreso a la Tierra Media","description":"Todo lo que necesitas saber sobre La guerra de los Rohirrim: \u00a1Vuelve a la Tierra Media con una \u00e9pica precuela! \u00a1Prep\u00e1rate para revivir la magia de este universo!","robots":{"index":"index","follow":"follow","max-snippet":"max-snippet:-1","max-image-preview":"max-image-preview:large","max-video-preview":"max-video-preview:-1"},"canonical":"https:\/\/repliquemangacine.fr\/es\/la-guerra-de-los-rohirrim-en-la-tierra-media\/","og_locale":"es_ES","og_type":"article","og_title":"La Guerre des Rohirrim : Retour en Terre du Milieu","og_description":"Tout savoir sur La Guerre des Rohirrim : Retour en Terre du Milieu avec un pr\u00e9quel \u00e9pique ! Pr\u00e9parez-vous \u00e0 revivre la magie de cet univers","og_url":"https:\/\/repliquemangacine.fr\/es\/la-guerra-de-los-rohirrim-en-la-tierra-media\/","og_site_name":"R\u00e9plique Manga Cin\u00e9","article_publisher":"https:\/\/www.facebook.com\/RepliqueMangaCine","article_published_time":"2024-09-14T18:36:24+00:00","article_modified_time":"2024-09-22T12:30:20+00:00","og_image":[{"width":600,"height":300,"url":"https:\/\/repliquemangacine.fr\/wp-content\/uploads\/2024\/09\/vignette.jpg","type":"image\/jpeg"}],"author":"coquizart RMC","twitter_card":"summary_large_image","twitter_misc":{"Escrito por":"coquizart RMC","Tiempo de lectura":"6 minutos"},"schema":{"@context":"https:\/\/schema.org","@graph":[{"@type":["Article","BlogPosting"],"@id":"https:\/\/repliquemangacine.fr\/la-guerre-des-rohirrim-retour-en-terre-du-milieu\/#article","isPartOf":{"@id":"https:\/\/repliquemangacine.fr\/la-guerre-des-rohirrim-retour-en-terre-du-milieu\/"},"author":{"name":"coquizart RMC","@id":"https:\/\/repliquemangacine.fr\/#\/schema\/person\/08aed5adc9a5f0461480af5bd8fda389"},"headline":"La Guerre des Rohirrim : Retour en Terre du Milieu","datePublished":"2024-09-14T18:36:24+00:00","dateModified":"2024-09-22T12:30:20+00:00","mainEntityOfPage":{"@id":"https:\/\/repliquemangacine.fr\/la-guerre-des-rohirrim-retour-en-terre-du-milieu\/"},"wordCount":1007,"publisher":{"@id":"https:\/\/repliquemangacine.fr\/#organization"},"image":{"@id":"https:\/\/repliquemangacine.fr\/la-guerre-des-rohirrim-retour-en-terre-du-milieu\/#primaryimage"},"thumbnailUrl":"https:\/\/repliquemangacine.fr\/wp-content\/uploads\/2024\/09\/vignette.jpg","articleSection":["Ev\u00e8nements"],"inLanguage":"es"},{"@type":"WebPage","@id":"https:\/\/repliquemangacine.fr\/la-guerre-des-rohirrim-retour-en-terre-du-milieu\/","url":"https:\/\/repliquemangacine.fr\/la-guerre-des-rohirrim-retour-en-terre-du-milieu\/","name":"La Guerra de los Rohirrim: Regreso a la Tierra Media","isPartOf":{"@id":"https:\/\/repliquemangacine.fr\/#website"},"primaryImageOfPage":{"@id":"https:\/\/repliquemangacine.fr\/la-guerre-des-rohirrim-retour-en-terre-du-milieu\/#primaryimage"},"image":{"@id":"https:\/\/repliquemangacine.fr\/la-guerre-des-rohirrim-retour-en-terre-du-milieu\/#primaryimage"},"thumbnailUrl":"https:\/\/repliquemangacine.fr\/wp-content\/uploads\/2024\/09\/vignette.jpg","datePublished":"2024-09-14T18:36:24+00:00","dateModified":"2024-09-22T12:30:20+00:00","description":"Todo lo que necesitas saber sobre La guerra de los Rohirrim: \u00a1Vuelve a la Tierra Media con una \u00e9pica precuela! \u00a1Prep\u00e1rate para revivir la magia de este universo!","breadcrumb":{"@id":"https:\/\/repliquemangacine.fr\/la-guerre-des-rohirrim-retour-en-terre-du-milieu\/#breadcrumb"},"inLanguage":"es","potentialAction":[{"@type":"ReadAction","target":["https:\/\/repliquemangacine.fr\/la-guerre-des-rohirrim-retour-en-terre-du-milieu\/"]}]},{"@type":"ImageObject","inLanguage":"es","@id":"https:\/\/repliquemangacine.fr\/la-guerre-des-rohirrim-retour-en-terre-du-milieu\/#primaryimage","url":"https:\/\/repliquemangacine.fr\/wp-content\/uploads\/2024\/09\/vignette.jpg","contentUrl":"https:\/\/repliquemangacine.fr\/wp-content\/uploads\/2024\/09\/vignette.jpg","width":600,"height":300,"caption":"The War of the Rohirrim"},{"@type":"BreadcrumbList","@id":"https:\/\/repliquemangacine.fr\/la-guerre-des-rohirrim-retour-en-terre-du-milieu\/#breadcrumb","itemListElement":[{"@type":"ListItem","position":1,"name":"Accueil","item":"https:\/\/repliquemangacine.fr\/"},{"@type":"ListItem","position":2,"name":"La Guerre des Rohirrim : Retour en Terre du Milieu"}]},{"@type":"WebSite","@id":"https:\/\/repliquemangacine.fr\/#website","url":"https:\/\/repliquemangacine.fr\/","name":"R\u00e9plique Manga Cin\u00e9","description":"","publisher":{"@id":"https:\/\/repliquemangacine.fr\/#organization"},"potentialAction":[{"@type":"SearchAction","target":{"@type":"EntryPoint","urlTemplate":"https:\/\/repliquemangacine.fr\/?s={search_term_string}"},"query-input":{"@type":"PropertyValueSpecification","valueRequired":true,"valueName":"search_term_string"}}],"inLanguage":"es"},{"@type":"Organization","@id":"https:\/\/repliquemangacine.fr\/#organization","name":"R\u00e9plique Manga Cin\u00e9","url":"https:\/\/repliquemangacine.fr\/","logo":{"@type":"ImageObject","inLanguage":"es","@id":"https:\/\/repliquemangacine.fr\/#\/schema\/logo\/image\/","url":"https:\/\/repliquemangacine.fr\/wp-content\/uploads\/2023\/10\/RMC-500250.png","contentUrl":"https:\/\/repliquemangacine.fr\/wp-content\/uploads\/2023\/10\/RMC-500250.png","width":500,"height":250,"caption":"R\u00e9plique Manga Cin\u00e9"},"image":{"@id":"https:\/\/repliquemangacine.fr\/#\/schema\/logo\/image\/"},"sameAs":["https:\/\/www.facebook.com\/RepliqueMangaCine","https:\/\/www.instagram.com\/repliquemangacine.fr\/"]},{"@type":"Person","@id":"https:\/\/repliquemangacine.fr\/#\/schema\/person\/08aed5adc9a5f0461480af5bd8fda389","name":"coquizart RMC"}]}},"_links":{"self":[{"href":"https:\/\/repliquemangacine.fr\/es\/wp-json\/wp\/v2\/posts\/74576","targetHints":{"allow":["GET"]}}],"collection":[{"href":"https:\/\/repliquemangacine.fr\/es\/wp-json\/wp\/v2\/posts"}],"about":[{"href":"https:\/\/repliquemangacine.fr\/es\/wp-json\/wp\/v2\/types\/post"}],"author":[{"embeddable":true,"href":"https:\/\/repliquemangacine.fr\/es\/wp-json\/wp\/v2\/users\/7689"}],"replies":[{"embeddable":true,"href":"https:\/\/repliquemangacine.fr\/es\/wp-json\/wp\/v2\/comments?post=74576"}],"version-history":[{"count":5,"href":"https:\/\/repliquemangacine.fr\/es\/wp-json\/wp\/v2\/posts\/74576\/revisions"}],"predecessor-version":[{"id":82666,"href":"https:\/\/repliquemangacine.fr\/es\/wp-json\/wp\/v2\/posts\/74576\/revisions\/82666"}],"wp:featuredmedia":[{"embeddable":true,"href":"https:\/\/repliquemangacine.fr\/es\/wp-json\/wp\/v2\/media\/74765"}],"wp:attachment":[{"href":"https:\/\/repliquemangacine.fr\/es\/wp-json\/wp\/v2\/media?parent=74576"}],"wp:term":[{"taxonomy":"category","embeddable":true,"href":"https:\/\/repliquemangacine.fr\/es\/wp-json\/wp\/v2\/categories?post=74576"},{"taxonomy":"post_tag","embeddable":true,"href":"https:\/\/repliquemangacine.fr\/es\/wp-json\/wp\/v2\/tags?post=74576"}],"curies":[{"name":"wp","href":"https:\/\/api.w.org\/{rel}","templated":true}]}}