





{"id":69818,"date":"2024-03-02T20:02:24","date_gmt":"2024-03-02T19:02:24","guid":{"rendered":"https:\/\/repliquemangacine.fr\/?p=69818"},"modified":"2024-03-09T14:57:23","modified_gmt":"2024-03-09T13:57:23","slug":"los-anillos-del-poder-temporada-2","status":"publish","type":"post","link":"https:\/\/repliquemangacine.fr\/es\/les-anneaux-de-pouvoir-saison-2\/","title":{"rendered":"\"Los Anillos del Poder\" Temporada 2"},"content":{"rendered":"<div data-elementor-type=\"wp-post\" data-elementor-id=\"69818\" class=\"elementor elementor-69818\" data-elementor-post-type=\"post\">\n\t\t\t\t\t\t<section class=\"elementor-section elementor-top-section elementor-element elementor-element-5d654018 elementor-section-boxed elementor-section-height-default elementor-section-height-default\" data-id=\"5d654018\" data-element_type=\"section\" data-e-type=\"section\">\n\t\t\t\t\t\t<div class=\"elementor-container elementor-column-gap-default\">\n\t\t\t\t\t<div class=\"elementor-column elementor-col-100 elementor-top-column elementor-element elementor-element-dbf6ea6\" data-id=\"dbf6ea6\" data-element_type=\"column\" data-e-type=\"column\">\n\t\t\t<div class=\"elementor-widget-wrap elementor-element-populated\">\n\t\t\t\t\t\t<div class=\"elementor-element elementor-element-21164e9a elementor-widget elementor-widget-theme-post-title elementor-page-title elementor-widget-heading\" data-id=\"21164e9a\" data-element_type=\"widget\" data-e-type=\"widget\" data-widget_type=\"theme-post-title.default\">\n\t\t\t\t<div class=\"elementor-widget-container\">\n\t\t\t\t\t<h1 class=\"elementor-heading-title elementor-size-default\">\"Los Anillos del Poder\" Temporada 2<\/h1>\t\t\t\t<\/div>\n\t\t\t\t<\/div>\n\t\t\t\t<div class=\"elementor-element elementor-element-675b7a72 elementor-widget elementor-widget-image\" data-id=\"675b7a72\" data-element_type=\"widget\" data-e-type=\"widget\" data-widget_type=\"image.default\">\n\t\t\t\t<div class=\"elementor-widget-container\">\n\t\t\t\t\t\t\t\t\t\t\t\t\t\t\t<img fetchpriority=\"high\" decoding=\"async\" width=\"600\" height=\"300\" src=\"https:\/\/repliquemangacine.fr\/wp-content\/uploads\/2024\/03\/Les-Anneaux-de-Pouvoir-Saison-2.jpg\" class=\"attachment-large size-large wp-image-69819\" alt=\"&quot;Los Anillos del Poder&quot; Temporada 2\" srcset=\"https:\/\/repliquemangacine.fr\/wp-content\/uploads\/2024\/03\/Les-Anneaux-de-Pouvoir-Saison-2.jpg 600w, https:\/\/repliquemangacine.fr\/wp-content\/uploads\/2024\/03\/Les-Anneaux-de-Pouvoir-Saison-2-300x150.jpg 300w, https:\/\/repliquemangacine.fr\/wp-content\/uploads\/2024\/03\/Les-Anneaux-de-Pouvoir-Saison-2-64x32.jpg 64w\" sizes=\"(max-width: 600px) 100vw, 600px\" \/>\t\t\t\t\t\t\t\t\t\t\t\t\t\t\t<\/div>\n\t\t\t\t<\/div>\n\t\t\t\t<div class=\"elementor-element elementor-element-746fe9c4 elementor-widget elementor-widget-text-editor\" data-id=\"746fe9c4\" data-element_type=\"widget\" data-e-type=\"widget\" data-widget_type=\"text-editor.default\">\n\t\t\t\t<div class=\"elementor-widget-container\">\n\t\t\t\t\t\t\t\t\t<p>La segunda temporada de \"El Se\u00f1or de los Anillos: Los Anillos del Poder\" en Prime Video promete estar llena de novedades y sorpresas, siguiendo con la mitolog\u00eda de la Tierra Media.<\/p>\t\t\t\t\t\t\t\t<\/div>\n\t\t\t\t<\/div>\n\t\t\t\t\t<\/div>\n\t\t<\/div>\n\t\t\t\t\t<\/div>\n\t\t<\/section>\n\t\t\t\t<section class=\"elementor-section elementor-top-section elementor-element elementor-element-367d4027 elementor-section-boxed elementor-section-height-default elementor-section-height-default\" data-id=\"367d4027\" data-element_type=\"section\" data-e-type=\"section\">\n\t\t\t\t\t\t<div class=\"elementor-container elementor-column-gap-default\">\n\t\t\t\t\t<div class=\"elementor-column elementor-col-100 elementor-top-column elementor-element elementor-element-58868a9e\" data-id=\"58868a9e\" data-element_type=\"column\" data-e-type=\"column\">\n\t\t\t<div class=\"elementor-widget-wrap elementor-element-populated\">\n\t\t\t\t\t\t<div class=\"elementor-element elementor-element-18509a31 elementor-widget elementor-widget-heading\" data-id=\"18509a31\" data-element_type=\"widget\" data-e-type=\"widget\" data-widget_type=\"heading.default\">\n\t\t\t\t<div class=\"elementor-widget-container\">\n\t\t\t\t\t<h2 class=\"elementor-heading-title elementor-size-default\">1. El regreso a la Tierra Media<\/h2>\t\t\t\t<\/div>\n\t\t\t\t<\/div>\n\t\t\t\t<div class=\"elementor-element elementor-element-7b69781 elementor-widget elementor-widget-video\" data-id=\"7b69781\" data-element_type=\"widget\" data-e-type=\"widget\" data-settings=\"{&quot;youtube_url&quot;:&quot;https:\\\/\\\/www.youtube.com\\\/watch?v=igYOjtB5tqo&quot;,&quot;video_type&quot;:&quot;youtube&quot;,&quot;controls&quot;:&quot;yes&quot;}\" data-widget_type=\"video.default\">\n\t\t\t\t<div class=\"elementor-widget-container\">\n\t\t\t\t\t\t\t<div class=\"elementor-wrapper elementor-open-inline\">\n\t\t\t<div class=\"elementor-video\"><\/div>\t\t<\/div>\n\t\t\t\t\t\t<\/div>\n\t\t\t\t<\/div>\n\t\t\t\t<div class=\"elementor-element elementor-element-2a6b26b6 elementor-widget elementor-widget-text-editor\" data-id=\"2a6b26b6\" data-element_type=\"widget\" data-e-type=\"widget\" data-widget_type=\"text-editor.default\">\n\t\t\t\t<div class=\"elementor-widget-container\">\n\t\t\t\t\t\t\t\t\t<p>La Tierra Media se prepara una vez m\u00e1s para abrir sus puertas a los fans con el inminente estreno de la segunda temporada de \"El Se\u00f1or de los Anillos: Los Anillos del Poder\".<\/p><p>Tras una primera temporada que sent\u00f3 las bases de un mundo rico en magia, conflictos y b\u00fasquedas heroicas. El final de temporada fue espectacular. Descubrimos qui\u00e9nes son realmente Sauron y el Forastero.<\/p><p>Aunque la fecha de estreno de la temporada a\u00fan no ha sido revelada oficialmente por Prime Video. La jefa de Amazon Studios, Jennifer Salke, ha insinuado que la nueva temporada se emitir\u00e1 lo antes posible. \"Vamos a emitirla lo antes posible\", dijo Jennifer Salke a Variety. Obviamente, eso podr\u00eda significar que la serie se emita a mediados de 2024.<\/p><p>Esta nueva temporada promete profundizar en la trama y desarrollar los personajes que conocemos y amamos. Los espectadores podr\u00e1n ver a Galadriel, Elrond y muchas otras figuras emblem\u00e1ticas. Adem\u00e1s de nuevas caras que se unir\u00e1n a esta \u00e9pica aventura.<\/p>\t\t\t\t\t\t\t\t<\/div>\n\t\t\t\t<\/div>\n\t\t\t\t\t<\/div>\n\t\t<\/div>\n\t\t\t\t\t<\/div>\n\t\t<\/section>\n\t\t\t\t<section class=\"elementor-section elementor-top-section elementor-element elementor-element-2e23196c elementor-section-boxed elementor-section-height-default elementor-section-height-default\" data-id=\"2e23196c\" data-element_type=\"section\" data-e-type=\"section\">\n\t\t\t\t\t\t<div class=\"elementor-container elementor-column-gap-default\">\n\t\t\t\t\t<div class=\"elementor-column elementor-col-100 elementor-top-column elementor-element elementor-element-fa24ae4\" data-id=\"fa24ae4\" data-element_type=\"column\" data-e-type=\"column\">\n\t\t\t<div class=\"elementor-widget-wrap elementor-element-populated\">\n\t\t\t\t\t\t<div class=\"elementor-element elementor-element-7abb1a44 elementor-widget elementor-widget-heading\" data-id=\"7abb1a44\" data-element_type=\"widget\" data-e-type=\"widget\" data-widget_type=\"heading.default\">\n\t\t\t\t<div class=\"elementor-widget-container\">\n\t\t\t\t\t<h2 class=\"elementor-heading-title elementor-size-default\">2. Los Anillos del Poder: un elenco legendario<\/h2>\t\t\t\t<\/div>\n\t\t\t\t<\/div>\n\t\t\t\t<div class=\"elementor-element elementor-element-57281da3 elementor-widget elementor-widget-image\" data-id=\"57281da3\" data-element_type=\"widget\" data-e-type=\"widget\" data-widget_type=\"image.default\">\n\t\t\t\t<div class=\"elementor-widget-container\">\n\t\t\t\t\t\t\t\t\t\t\t\t<figure class=\"wp-caption\">\n\t\t\t\t\t\t\t\t\t\t<img decoding=\"async\" width=\"600\" height=\"300\" src=\"https:\/\/repliquemangacine.fr\/wp-content\/uploads\/2024\/03\/Les-anneaux-de-Pouvoir.jpg\" class=\"attachment-large size-large wp-image-69832\" alt=\"Anillos de poder\" srcset=\"https:\/\/repliquemangacine.fr\/wp-content\/uploads\/2024\/03\/Les-anneaux-de-Pouvoir.jpg 600w, https:\/\/repliquemangacine.fr\/wp-content\/uploads\/2024\/03\/Les-anneaux-de-Pouvoir-300x150.jpg 300w, https:\/\/repliquemangacine.fr\/wp-content\/uploads\/2024\/03\/Les-anneaux-de-Pouvoir-64x32.jpg 64w\" sizes=\"(max-width: 600px) 100vw, 600px\" \/>\t\t\t\t\t\t\t\t\t\t\t<figcaption class=\"widget-image-caption wp-caption-text\"><\/figcaption>\n\t\t\t\t\t\t\t\t\t\t<\/figure>\n\t\t\t\t\t\t\t\t\t<\/div>\n\t\t\t\t<\/div>\n\t\t\t\t<div class=\"elementor-element elementor-element-2ab9660e elementor-widget elementor-widget-text-editor\" data-id=\"2ab9660e\" data-element_type=\"widget\" data-e-type=\"widget\" data-widget_type=\"text-editor.default\">\n\t\t\t\t<div class=\"elementor-widget-container\">\n\t\t\t\t\t\t\t\t\t<p>La fuerza de \"Los anillos del poder\" reside no s\u00f3lo en su cautivadora historia, sino tambi\u00e9n en su excepcional reparto. Con una mezcla de caras conocidas y nuevos talentos. El regreso de personajes tan queridos como Galadriel, interpretada por <a href=\"https:\/\/lotr.fandom.com\/fr\/wiki\/Morfydd_Clark\">Morfydd Clark<\/a>y Elrond, interpretado por Robert Aramayo. Charlie Vickers tambi\u00e9n regresar\u00e1 en el papel de Sauron. Al igual que los elfos Gil-galad (Benjamin Walker), Celebrimbor (Charles Edwards) y Arondir (Ismael Cruz Cordova).<\/p><p>En Num\u00e9nor, de repente hay sitio en la cumbre. Miriel (Cynthia Addai-Robinson) llora la muerte de su padre. Elendil (Lloyd Owen) podr\u00eda quedarse a su lado. Y no olvidemos a los enanos, Durin III (Owain Arthur) y Disa (Sophia Nomvete).<\/p><p>Owain Arthur, que interpreta a Durin, dijo en una entrevista: \"La vida de Durin ha cambiado, y veremos el resultado en la segunda temporada. Hay mucha oscuridad desarroll\u00e1ndose en la Tierra Media... y esa oscuridad ciertamente ha afectado a Durin\".<\/p><p>Este talentoso reparto garantiza la continuidad con la primera temporada. Mientras que la introducci\u00f3n de nuevos actores promete enriquecer el universo con nuevas perspectivas y din\u00e1micas.<\/p>\t\t\t\t\t\t\t\t<\/div>\n\t\t\t\t<\/div>\n\t\t\t\t\t<\/div>\n\t\t<\/div>\n\t\t\t\t\t<\/div>\n\t\t<\/section>\n\t\t\t\t<section class=\"elementor-section elementor-top-section elementor-element elementor-element-25da695b elementor-section-boxed elementor-section-height-default elementor-section-height-default\" data-id=\"25da695b\" data-element_type=\"section\" data-e-type=\"section\">\n\t\t\t\t\t\t<div class=\"elementor-container elementor-column-gap-default\">\n\t\t\t\t\t<div class=\"elementor-column elementor-col-100 elementor-top-column elementor-element elementor-element-1317b52\" data-id=\"1317b52\" data-element_type=\"column\" data-e-type=\"column\">\n\t\t\t<div class=\"elementor-widget-wrap elementor-element-populated\">\n\t\t\t\t\t\t<div class=\"elementor-element elementor-element-270d193c elementor-widget elementor-widget-heading\" data-id=\"270d193c\" data-element_type=\"widget\" data-e-type=\"widget\" data-widget_type=\"heading.default\">\n\t\t\t\t<div class=\"elementor-widget-container\">\n\t\t\t\t\t<h2 class=\"elementor-heading-title elementor-size-default\">3. Rings of Power temporada 2: nuevos personajes<\/h2>\t\t\t\t<\/div>\n\t\t\t\t<\/div>\n\t\t\t\t<div class=\"elementor-element elementor-element-5fe686d2 elementor-widget elementor-widget-image\" data-id=\"5fe686d2\" data-element_type=\"widget\" data-e-type=\"widget\" data-widget_type=\"image.default\">\n\t\t\t\t<div class=\"elementor-widget-container\">\n\t\t\t\t\t\t\t\t\t\t\t\t<figure class=\"wp-caption\">\n\t\t\t\t\t\t\t\t\t\t<img decoding=\"async\" width=\"600\" height=\"300\" src=\"https:\/\/repliquemangacine.fr\/wp-content\/uploads\/2024\/03\/Les-anneaux-de-Pouvoir-casting.jpg\" class=\"attachment-large size-large wp-image-69831\" alt=\"\" srcset=\"https:\/\/repliquemangacine.fr\/wp-content\/uploads\/2024\/03\/Les-anneaux-de-Pouvoir-casting.jpg 600w, https:\/\/repliquemangacine.fr\/wp-content\/uploads\/2024\/03\/Les-anneaux-de-Pouvoir-casting-300x150.jpg 300w, https:\/\/repliquemangacine.fr\/wp-content\/uploads\/2024\/03\/Les-anneaux-de-Pouvoir-casting-64x32.jpg 64w\" sizes=\"(max-width: 600px) 100vw, 600px\" \/>\t\t\t\t\t\t\t\t\t\t\t<figcaption class=\"widget-image-caption wp-caption-text\"><\/figcaption>\n\t\t\t\t\t\t\t\t\t\t<\/figure>\n\t\t\t\t\t\t\t\t\t<\/div>\n\t\t\t\t<\/div>\n\t\t\t\t<div class=\"elementor-element elementor-element-5aa9fd1f elementor-widget elementor-widget-text-editor\" data-id=\"5aa9fd1f\" data-element_type=\"widget\" data-e-type=\"widget\" data-widget_type=\"text-editor.default\">\n\t\t\t\t<div class=\"elementor-widget-container\">\n\t\t\t\t\t\t\t\t\t<p>En el momento de escribir estas l\u00edneas, muchos personajes nuevos se est\u00e1n incorporando a la serie. Seg\u00fan The Hollywood Reporter, Cirdan, \"uno de los elfos m\u00e1s sabios y ancianos\", ha sido elegido para la nueva temporada. Pero, \u00bfde qu\u00e9 actor se trata?<\/p><p>Adem\u00e1s, hemos sabido que tres actores aparecer\u00e1n en papeles \"recurrentes\". Ciaran Hinds (Juego de Tronos), Rory Kinnear (James Bond) y Tanya Moodie (Star Wars: El renacer de Skywalker) est\u00e1n confirmados para unirse al reparto.<\/p><p>Muchos nuevos actores y actrices se han incorporado al reparto. Entre ellos figuran :<\/p><ul><li>Nia Towle es una actriz brit\u00e1nica que actu\u00f3 en Persuasi\u00f3n.<\/li><li>Yasen Zates Actor ingl\u00e9s que actu\u00f3 en The Witcher (2019).<\/li><li>Calam Finbar Lynch es un actor brit\u00e1nico de origen irland\u00e9s. Apareci\u00f3 en la segunda temporada de la serie de Netflix Bridgerton.<\/li><li>Kevin Eldon, actor brit\u00e1nico. Interpreta el papel de Camello en la sexta temporada de Juego de Tronos.<\/li><\/ul><p>A todos estos jugadores se unir\u00e1n otros reci\u00e9n llegados.<\/p>\t\t\t\t\t\t\t\t<\/div>\n\t\t\t\t<\/div>\n\t\t\t\t\t<\/div>\n\t\t<\/div>\n\t\t\t\t\t<\/div>\n\t\t<\/section>\n\t\t\t\t<section class=\"elementor-section elementor-top-section elementor-element elementor-element-4124d5d6 elementor-section-boxed elementor-section-height-default elementor-section-height-default\" data-id=\"4124d5d6\" data-element_type=\"section\" data-e-type=\"section\">\n\t\t\t\t\t\t<div class=\"elementor-container elementor-column-gap-default\">\n\t\t\t\t\t<div class=\"elementor-column elementor-col-100 elementor-top-column elementor-element elementor-element-20a0c2c\" data-id=\"20a0c2c\" data-element_type=\"column\" data-e-type=\"column\">\n\t\t\t<div class=\"elementor-widget-wrap elementor-element-populated\">\n\t\t\t\t\t\t<div class=\"elementor-element elementor-element-6ddca6cc elementor-widget elementor-widget-heading\" data-id=\"6ddca6cc\" data-element_type=\"widget\" data-e-type=\"widget\" data-widget_type=\"heading.default\">\n\t\t\t\t<div class=\"elementor-widget-container\">\n\t\t\t\t\t<h2 class=\"elementor-heading-title elementor-size-default\">4. El Arte de la Guerra: Espadas de Poder<\/h2>\t\t\t\t<\/div>\n\t\t\t\t<\/div>\n\t\t\t\t<div class=\"elementor-element elementor-element-1ae92fcb elementor-widget elementor-widget-image\" data-id=\"1ae92fcb\" data-element_type=\"widget\" data-e-type=\"widget\" data-widget_type=\"image.default\">\n\t\t\t\t<div class=\"elementor-widget-container\">\n\t\t\t\t\t\t\t\t\t\t\t\t<figure class=\"wp-caption\">\n\t\t\t\t\t\t\t\t\t\t<img loading=\"lazy\" decoding=\"async\" width=\"600\" height=\"300\" src=\"https:\/\/repliquemangacine.fr\/wp-content\/uploads\/2024\/03\/Les-anneaux-de-Pouvoir-les-epees.jpg\" class=\"attachment-large size-large wp-image-69830\" alt=\"Anillos de Poder Espadas\" srcset=\"https:\/\/repliquemangacine.fr\/wp-content\/uploads\/2024\/03\/Les-anneaux-de-Pouvoir-les-epees.jpg 600w, https:\/\/repliquemangacine.fr\/wp-content\/uploads\/2024\/03\/Les-anneaux-de-Pouvoir-les-epees-300x150.jpg 300w, https:\/\/repliquemangacine.fr\/wp-content\/uploads\/2024\/03\/Les-anneaux-de-Pouvoir-les-epees-64x32.jpg 64w\" sizes=\"(max-width: 600px) 100vw, 600px\" \/>\t\t\t\t\t\t\t\t\t\t\t<figcaption class=\"widget-image-caption wp-caption-text\"><\/figcaption>\n\t\t\t\t\t\t\t\t\t\t<\/figure>\n\t\t\t\t\t\t\t\t\t<\/div>\n\t\t\t\t<\/div>\n\t\t\t\t<div class=\"elementor-element elementor-element-631af7e6 elementor-widget elementor-widget-text-editor\" data-id=\"631af7e6\" data-element_type=\"widget\" data-e-type=\"widget\" data-widget_type=\"text-editor.default\">\n\t\t\t\t<div class=\"elementor-widget-container\">\n\t\t\t\t\t\t\t\t\t<p>En el coraz\u00f3n de la saga de El Se\u00f1or de los Anillos se encuentran artefactos de gran poder, y entre ellos las espadas desempe\u00f1an un papel central. No s\u00f3lo son armas de guerra, sino que tambi\u00e9n simbolizan el honor, el valor y el destino de sus portadores. En la segunda temporada de \"Los anillos del poder\", las espadas seguir\u00e1n desempe\u00f1ando un papel crucial. Servir\u00e1n de v\u00ednculo entre los personajes, sus aspiraciones y su herencia.<\/p><p>Estaremos encantados de recibir de nuevo a <a href=\"https:\/\/repliquemangacine.fr\/es\/nuevos-productos\/espada-de-galadriel-anillos-de-poder\/\">Galadriel y su espada.<\/a> Podemos esperar encontrar el <a href=\"https:\/\/repliquemangacine.fr\/es\/espadas-y-dagas-los-anillos-del-poder\/martillo-de-celebrimbor\/\">El martillo de Celebrimbor.<\/a> Recuerdas este martillo, que una vez perteneci\u00f3 a F\u00ebanor.<\/p><p>Cabe se\u00f1alar que en \"Los Anillos del Poder\", la serie se toma libertades narrativas para explorar las ra\u00edces y el destino de Narsil, el \"Rey de los Anillos\".<a href=\"https:\/\/repliquemangacine.fr\/es\/espadas-y-dagas-los-anillos-del-poder\/espada-de-delendil-los-anillos-de-poder\/\">espada de Elendil<\/a>. Aunque fiel al esp\u00edritu de la obra original de Tolkien, la serie ofrece una interpretaci\u00f3n \u00fanica y enriquecedora de la historia de esta emblem\u00e1tica espada.<\/p><p>En conclusi\u00f3n, la serie promete presentar espadas con historias ricas y complejas, entretejidas en la narrativa global de la lucha por el poder y la supervivencia en la Tierra Media.<\/p>\t\t\t\t\t\t\t\t<\/div>\n\t\t\t\t<\/div>\n\t\t\t\t\t<\/div>\n\t\t<\/div>\n\t\t\t\t\t<\/div>\n\t\t<\/section>\n\t\t\t\t<section class=\"elementor-section elementor-top-section elementor-element elementor-element-4818bfd elementor-section-boxed elementor-section-height-default elementor-section-height-default\" data-id=\"4818bfd\" data-element_type=\"section\" data-e-type=\"section\">\n\t\t\t\t\t\t<div class=\"elementor-container elementor-column-gap-default\">\n\t\t\t\t\t<div class=\"elementor-column elementor-col-100 elementor-top-column elementor-element elementor-element-ea89537\" data-id=\"ea89537\" data-element_type=\"column\" data-e-type=\"column\">\n\t\t\t<div class=\"elementor-widget-wrap elementor-element-populated\">\n\t\t\t\t\t\t<div class=\"elementor-element elementor-element-b20bd4f elementor-widget elementor-widget-heading\" data-id=\"b20bd4f\" data-element_type=\"widget\" data-e-type=\"widget\" data-widget_type=\"heading.default\">\n\t\t\t\t<div class=\"elementor-widget-container\">\n\t\t\t\t\t<h2 class=\"elementor-heading-title elementor-size-default\">5. \u00bfQu\u00e9 nos depara la secuela de \"Los anillos del poder\"?<\/h2>\t\t\t\t<\/div>\n\t\t\t\t<\/div>\n\t\t\t\t<div class=\"elementor-element elementor-element-10a0528 elementor-widget elementor-widget-image\" data-id=\"10a0528\" data-element_type=\"widget\" data-e-type=\"widget\" data-widget_type=\"image.default\">\n\t\t\t\t<div class=\"elementor-widget-container\">\n\t\t\t\t\t\t\t\t\t\t\t\t<figure class=\"wp-caption\">\n\t\t\t\t\t\t\t\t\t\t<img loading=\"lazy\" decoding=\"async\" width=\"600\" height=\"300\" src=\"https:\/\/repliquemangacine.fr\/wp-content\/uploads\/2024\/03\/Les-anneaux-de-Pouvoir-la-suite.jpg\" class=\"attachment-large size-large wp-image-69829\" alt=\"Los Anillos del Poder, continuaci\u00f3n\" srcset=\"https:\/\/repliquemangacine.fr\/wp-content\/uploads\/2024\/03\/Les-anneaux-de-Pouvoir-la-suite.jpg 600w, https:\/\/repliquemangacine.fr\/wp-content\/uploads\/2024\/03\/Les-anneaux-de-Pouvoir-la-suite-300x150.jpg 300w, https:\/\/repliquemangacine.fr\/wp-content\/uploads\/2024\/03\/Les-anneaux-de-Pouvoir-la-suite-64x32.jpg 64w\" sizes=\"(max-width: 600px) 100vw, 600px\" \/>\t\t\t\t\t\t\t\t\t\t\t<figcaption class=\"widget-image-caption wp-caption-text\"><\/figcaption>\n\t\t\t\t\t\t\t\t\t\t<\/figure>\n\t\t\t\t\t\t\t\t\t<\/div>\n\t\t\t\t<\/div>\n\t\t\t\t<div class=\"elementor-element elementor-element-e397189 elementor-widget elementor-widget-text-editor\" data-id=\"e397189\" data-element_type=\"widget\" data-e-type=\"widget\" data-widget_type=\"text-editor.default\">\n\t\t\t\t<div class=\"elementor-widget-container\">\n\t\t\t\t\t\t\t\t\t<p>Prime Video a\u00fan no ha revelado la fecha de estreno de la segunda temporada de la serie Los Anillos del Poder. Los fans deber\u00edan estar encantados de saber que la prensa estadounidense ha publicado algunas noticias sobre la serie.<\/p><p>Sin embargo, la serie fue noticia el mi\u00e9rcoles 28 de febrero de 2024. Tras haber provocado un maremoto en su estreno, con 25 millones de abonados que la vieron en su primer d\u00eda. La primera temporada de Los anillos del poder fue un \u00e9xito mundial que podr\u00eda durar varios a\u00f1os m\u00e1s, y varias temporadas m\u00e1s.<\/p><p>Los showrunners de la serie ya est\u00e1n trabajando en los guiones de la tercera temporada. Seg\u00fan Variety, los showrunners Patrick McKay y JD Payne est\u00e1n trabajando con Amazon Studios, que produce el proyecto. Han llegado a un acuerdo muy interesante. Se trata de un \"acuerdo global\" de tres a\u00f1os.<\/p><p>La firma de este acuerdo no significa que Prime Video haya encargado la tercera temporada de Rings of Power. Pero es un fuerte indicio de que as\u00ed ha sido. Es m\u00e1s, seg\u00fan los rumores, la redacci\u00f3n de la tercera temporada ya est\u00e1 muy avanzada.<\/p>\t\t\t\t\t\t\t\t<\/div>\n\t\t\t\t<\/div>\n\t\t\t\t\t<\/div>\n\t\t<\/div>\n\t\t\t\t\t<\/div>\n\t\t<\/section>\n\t\t\t\t<\/div>","protected":false},"excerpt":{"rendered":"<p>La saison 2 de &#8220;Le Seigneur des Anneaux : Les Anneaux de Pouvoir&#8221; sur Prime Video promet d&#8217;\u00eatre riche en d\u00e9veloppements et en surprises, s&#8217;inscrivant dans la continuit\u00e9 de la mythologie de la Terre du Milieu. 1. Un Retour en Terre du Milieu https:\/\/www.youtube.com\/watch?v=igYOjtB5tqo La Terre du Milieu s&#8217;appr\u00eate une fois de plus \u00e0 ouvrir [&hellip;]<\/p>\n","protected":false},"author":7689,"featured_media":69819,"comment_status":"closed","ping_status":"closed","sticky":false,"template":"","format":"standard","meta":{"footnotes":""},"categories":[1],"tags":[],"class_list":["post-69818","post","type-post","status-publish","format-standard","has-post-thumbnail","hentry","category-films-et-series"],"yoast_head":"<!-- This site is optimized with the Yoast SEO plugin v27.5 - https:\/\/yoast.com\/product\/yoast-seo-wordpress\/ -->\n<title>&quot;Les Anneaux de Pouvoir&quot; Saison 2 - Le blog | R\u00e9plique Manga Cin\u00e9<\/title>\n<meta name=\"description\" content=\"D\u00e9couvrez notre article de blog &quot; Les Anneaux de Pouvoir &quot; saison 2. Date de sortie, casting, et la suite de la s\u00e9rie\u202f!\" \/>\n<meta name=\"robots\" content=\"index, follow, max-snippet:-1, max-image-preview:large, max-video-preview:-1\" \/>\n<link rel=\"canonical\" href=\"https:\/\/repliquemangacine.fr\/es\/los-anillos-del-poder-temporada-2\/\" \/>\n<meta property=\"og:locale\" content=\"es_ES\" \/>\n<meta property=\"og:type\" content=\"article\" \/>\n<meta property=\"og:title\" content=\"&quot;Les Anneaux de Pouvoir&quot; Saison 2 - Le blog | R\u00e9plique Manga Cin\u00e9\" \/>\n<meta property=\"og:description\" content=\"D\u00e9couvrez notre article de blog &quot; Les Anneaux de Pouvoir &quot; saison 2. Date de sortie, casting, et la suite de la s\u00e9rie\u202f!\" \/>\n<meta property=\"og:url\" content=\"https:\/\/repliquemangacine.fr\/es\/los-anillos-del-poder-temporada-2\/\" \/>\n<meta property=\"og:site_name\" content=\"R\u00e9plique Manga Cin\u00e9\" \/>\n<meta property=\"article:publisher\" content=\"https:\/\/www.facebook.com\/RepliqueMangaCine\" \/>\n<meta property=\"article:published_time\" content=\"2024-03-02T19:02:24+00:00\" \/>\n<meta property=\"article:modified_time\" content=\"2024-03-09T13:57:23+00:00\" \/>\n<meta property=\"og:image\" content=\"https:\/\/repliquemangacine.fr\/wp-content\/uploads\/2024\/03\/Les-Anneaux-de-Pouvoir-Saison-2.jpg\" \/>\n\t<meta property=\"og:image:width\" content=\"600\" \/>\n\t<meta property=\"og:image:height\" content=\"300\" \/>\n\t<meta property=\"og:image:type\" content=\"image\/jpeg\" \/>\n<meta name=\"author\" content=\"coquizart RMC\" \/>\n<meta name=\"twitter:card\" content=\"summary_large_image\" \/>\n<meta name=\"twitter:label1\" content=\"Escrito por\" \/>\n\t<meta name=\"twitter:data1\" content=\"coquizart RMC\" \/>\n\t<meta name=\"twitter:label2\" content=\"Tiempo de lectura\" \/>\n\t<meta name=\"twitter:data2\" content=\"7 minutos\" \/>\n<script type=\"application\/ld+json\" class=\"yoast-schema-graph\">{\"@context\":\"https:\\\/\\\/schema.org\",\"@graph\":[{\"@type\":[\"Article\",\"BlogPosting\"],\"@id\":\"https:\\\/\\\/repliquemangacine.fr\\\/les-anneaux-de-pouvoir-saison-2\\\/#article\",\"isPartOf\":{\"@id\":\"https:\\\/\\\/repliquemangacine.fr\\\/les-anneaux-de-pouvoir-saison-2\\\/\"},\"author\":{\"name\":\"coquizart RMC\",\"@id\":\"https:\\\/\\\/repliquemangacine.fr\\\/#\\\/schema\\\/person\\\/08aed5adc9a5f0461480af5bd8fda389\"},\"headline\":\"&#8220;Les Anneaux de Pouvoir&#8221; Saison 2\",\"datePublished\":\"2024-03-02T19:02:24+00:00\",\"dateModified\":\"2024-03-09T13:57:23+00:00\",\"mainEntityOfPage\":{\"@id\":\"https:\\\/\\\/repliquemangacine.fr\\\/les-anneaux-de-pouvoir-saison-2\\\/\"},\"wordCount\":1132,\"publisher\":{\"@id\":\"https:\\\/\\\/repliquemangacine.fr\\\/#organization\"},\"image\":{\"@id\":\"https:\\\/\\\/repliquemangacine.fr\\\/les-anneaux-de-pouvoir-saison-2\\\/#primaryimage\"},\"thumbnailUrl\":\"https:\\\/\\\/repliquemangacine.fr\\\/wp-content\\\/uploads\\\/2024\\\/03\\\/Les-Anneaux-de-Pouvoir-Saison-2.jpg\",\"articleSection\":[\"Films et S\u00e9ries\"],\"inLanguage\":\"es\"},{\"@type\":\"WebPage\",\"@id\":\"https:\\\/\\\/repliquemangacine.fr\\\/les-anneaux-de-pouvoir-saison-2\\\/\",\"url\":\"https:\\\/\\\/repliquemangacine.fr\\\/les-anneaux-de-pouvoir-saison-2\\\/\",\"name\":\"\\\"Les Anneaux de Pouvoir\\\" Saison 2 - Le blog | R\u00e9plique Manga Cin\u00e9\",\"isPartOf\":{\"@id\":\"https:\\\/\\\/repliquemangacine.fr\\\/#website\"},\"primaryImageOfPage\":{\"@id\":\"https:\\\/\\\/repliquemangacine.fr\\\/les-anneaux-de-pouvoir-saison-2\\\/#primaryimage\"},\"image\":{\"@id\":\"https:\\\/\\\/repliquemangacine.fr\\\/les-anneaux-de-pouvoir-saison-2\\\/#primaryimage\"},\"thumbnailUrl\":\"https:\\\/\\\/repliquemangacine.fr\\\/wp-content\\\/uploads\\\/2024\\\/03\\\/Les-Anneaux-de-Pouvoir-Saison-2.jpg\",\"datePublished\":\"2024-03-02T19:02:24+00:00\",\"dateModified\":\"2024-03-09T13:57:23+00:00\",\"description\":\"D\u00e9couvrez notre article de blog \\\" Les Anneaux de Pouvoir \\\" saison 2. Date de sortie, casting, et la suite de la s\u00e9rie\u202f!\",\"breadcrumb\":{\"@id\":\"https:\\\/\\\/repliquemangacine.fr\\\/les-anneaux-de-pouvoir-saison-2\\\/#breadcrumb\"},\"inLanguage\":\"es\",\"potentialAction\":[{\"@type\":\"ReadAction\",\"target\":[\"https:\\\/\\\/repliquemangacine.fr\\\/les-anneaux-de-pouvoir-saison-2\\\/\"]}]},{\"@type\":\"ImageObject\",\"inLanguage\":\"es\",\"@id\":\"https:\\\/\\\/repliquemangacine.fr\\\/les-anneaux-de-pouvoir-saison-2\\\/#primaryimage\",\"url\":\"https:\\\/\\\/repliquemangacine.fr\\\/wp-content\\\/uploads\\\/2024\\\/03\\\/Les-Anneaux-de-Pouvoir-Saison-2.jpg\",\"contentUrl\":\"https:\\\/\\\/repliquemangacine.fr\\\/wp-content\\\/uploads\\\/2024\\\/03\\\/Les-Anneaux-de-Pouvoir-Saison-2.jpg\",\"width\":600,\"height\":300,\"caption\":\"\\\"Les Anneaux de Pouvoir\\\" Saison 2\"},{\"@type\":\"BreadcrumbList\",\"@id\":\"https:\\\/\\\/repliquemangacine.fr\\\/les-anneaux-de-pouvoir-saison-2\\\/#breadcrumb\",\"itemListElement\":[{\"@type\":\"ListItem\",\"position\":1,\"name\":\"Accueil\",\"item\":\"https:\\\/\\\/repliquemangacine.fr\\\/\"},{\"@type\":\"ListItem\",\"position\":2,\"name\":\"&#8220;Les Anneaux de Pouvoir&#8221; Saison 2\"}]},{\"@type\":\"WebSite\",\"@id\":\"https:\\\/\\\/repliquemangacine.fr\\\/#website\",\"url\":\"https:\\\/\\\/repliquemangacine.fr\\\/\",\"name\":\"R\u00e9plique Manga Cin\u00e9\",\"description\":\"\",\"publisher\":{\"@id\":\"https:\\\/\\\/repliquemangacine.fr\\\/#organization\"},\"potentialAction\":[{\"@type\":\"SearchAction\",\"target\":{\"@type\":\"EntryPoint\",\"urlTemplate\":\"https:\\\/\\\/repliquemangacine.fr\\\/?s={search_term_string}\"},\"query-input\":{\"@type\":\"PropertyValueSpecification\",\"valueRequired\":true,\"valueName\":\"search_term_string\"}}],\"inLanguage\":\"es\"},{\"@type\":\"Organization\",\"@id\":\"https:\\\/\\\/repliquemangacine.fr\\\/#organization\",\"name\":\"R\u00e9plique Manga Cin\u00e9\",\"url\":\"https:\\\/\\\/repliquemangacine.fr\\\/\",\"logo\":{\"@type\":\"ImageObject\",\"inLanguage\":\"es\",\"@id\":\"https:\\\/\\\/repliquemangacine.fr\\\/#\\\/schema\\\/logo\\\/image\\\/\",\"url\":\"https:\\\/\\\/repliquemangacine.fr\\\/wp-content\\\/uploads\\\/2023\\\/10\\\/RMC-500250.png\",\"contentUrl\":\"https:\\\/\\\/repliquemangacine.fr\\\/wp-content\\\/uploads\\\/2023\\\/10\\\/RMC-500250.png\",\"width\":500,\"height\":250,\"caption\":\"R\u00e9plique Manga Cin\u00e9\"},\"image\":{\"@id\":\"https:\\\/\\\/repliquemangacine.fr\\\/#\\\/schema\\\/logo\\\/image\\\/\"},\"sameAs\":[\"https:\\\/\\\/www.facebook.com\\\/RepliqueMangaCine\",\"https:\\\/\\\/www.instagram.com\\\/repliquemangacine.fr\\\/\"]},{\"@type\":\"Person\",\"@id\":\"https:\\\/\\\/repliquemangacine.fr\\\/#\\\/schema\\\/person\\\/08aed5adc9a5f0461480af5bd8fda389\",\"name\":\"coquizart RMC\"}]}<\/script>\n<!-- \/ Yoast SEO plugin. -->","yoast_head_json":{"title":"\"Los Anillos del Poder\" Temporada 2 - El blog | R\u00e9plique Manga Cin\u00e9","description":"Descubre la entrada de nuestro blog \"Los Anillos del Poder\" temporada 2. \u00a1Fecha de estreno, reparto y el resto de la serie!","robots":{"index":"index","follow":"follow","max-snippet":"max-snippet:-1","max-image-preview":"max-image-preview:large","max-video-preview":"max-video-preview:-1"},"canonical":"https:\/\/repliquemangacine.fr\/es\/los-anillos-del-poder-temporada-2\/","og_locale":"es_ES","og_type":"article","og_title":"\"Les Anneaux de Pouvoir\" Saison 2 - Le blog | R\u00e9plique Manga Cin\u00e9","og_description":"D\u00e9couvrez notre article de blog \" Les Anneaux de Pouvoir \" saison 2. Date de sortie, casting, et la suite de la s\u00e9rie\u202f!","og_url":"https:\/\/repliquemangacine.fr\/es\/los-anillos-del-poder-temporada-2\/","og_site_name":"R\u00e9plique Manga Cin\u00e9","article_publisher":"https:\/\/www.facebook.com\/RepliqueMangaCine","article_published_time":"2024-03-02T19:02:24+00:00","article_modified_time":"2024-03-09T13:57:23+00:00","og_image":[{"width":600,"height":300,"url":"https:\/\/repliquemangacine.fr\/wp-content\/uploads\/2024\/03\/Les-Anneaux-de-Pouvoir-Saison-2.jpg","type":"image\/jpeg"}],"author":"coquizart RMC","twitter_card":"summary_large_image","twitter_misc":{"Escrito por":"coquizart RMC","Tiempo de lectura":"7 minutos"},"schema":{"@context":"https:\/\/schema.org","@graph":[{"@type":["Article","BlogPosting"],"@id":"https:\/\/repliquemangacine.fr\/les-anneaux-de-pouvoir-saison-2\/#article","isPartOf":{"@id":"https:\/\/repliquemangacine.fr\/les-anneaux-de-pouvoir-saison-2\/"},"author":{"name":"coquizart RMC","@id":"https:\/\/repliquemangacine.fr\/#\/schema\/person\/08aed5adc9a5f0461480af5bd8fda389"},"headline":"&#8220;Les Anneaux de Pouvoir&#8221; Saison 2","datePublished":"2024-03-02T19:02:24+00:00","dateModified":"2024-03-09T13:57:23+00:00","mainEntityOfPage":{"@id":"https:\/\/repliquemangacine.fr\/les-anneaux-de-pouvoir-saison-2\/"},"wordCount":1132,"publisher":{"@id":"https:\/\/repliquemangacine.fr\/#organization"},"image":{"@id":"https:\/\/repliquemangacine.fr\/les-anneaux-de-pouvoir-saison-2\/#primaryimage"},"thumbnailUrl":"https:\/\/repliquemangacine.fr\/wp-content\/uploads\/2024\/03\/Les-Anneaux-de-Pouvoir-Saison-2.jpg","articleSection":["Films et S\u00e9ries"],"inLanguage":"es"},{"@type":"WebPage","@id":"https:\/\/repliquemangacine.fr\/les-anneaux-de-pouvoir-saison-2\/","url":"https:\/\/repliquemangacine.fr\/les-anneaux-de-pouvoir-saison-2\/","name":"\"Los Anillos del Poder\" Temporada 2 - El blog | R\u00e9plique Manga Cin\u00e9","isPartOf":{"@id":"https:\/\/repliquemangacine.fr\/#website"},"primaryImageOfPage":{"@id":"https:\/\/repliquemangacine.fr\/les-anneaux-de-pouvoir-saison-2\/#primaryimage"},"image":{"@id":"https:\/\/repliquemangacine.fr\/les-anneaux-de-pouvoir-saison-2\/#primaryimage"},"thumbnailUrl":"https:\/\/repliquemangacine.fr\/wp-content\/uploads\/2024\/03\/Les-Anneaux-de-Pouvoir-Saison-2.jpg","datePublished":"2024-03-02T19:02:24+00:00","dateModified":"2024-03-09T13:57:23+00:00","description":"Descubre la entrada de nuestro blog \"Los Anillos del Poder\" temporada 2. \u00a1Fecha de estreno, reparto y el resto de la serie!","breadcrumb":{"@id":"https:\/\/repliquemangacine.fr\/les-anneaux-de-pouvoir-saison-2\/#breadcrumb"},"inLanguage":"es","potentialAction":[{"@type":"ReadAction","target":["https:\/\/repliquemangacine.fr\/les-anneaux-de-pouvoir-saison-2\/"]}]},{"@type":"ImageObject","inLanguage":"es","@id":"https:\/\/repliquemangacine.fr\/les-anneaux-de-pouvoir-saison-2\/#primaryimage","url":"https:\/\/repliquemangacine.fr\/wp-content\/uploads\/2024\/03\/Les-Anneaux-de-Pouvoir-Saison-2.jpg","contentUrl":"https:\/\/repliquemangacine.fr\/wp-content\/uploads\/2024\/03\/Les-Anneaux-de-Pouvoir-Saison-2.jpg","width":600,"height":300,"caption":"\"Les Anneaux de Pouvoir\" Saison 2"},{"@type":"BreadcrumbList","@id":"https:\/\/repliquemangacine.fr\/les-anneaux-de-pouvoir-saison-2\/#breadcrumb","itemListElement":[{"@type":"ListItem","position":1,"name":"Accueil","item":"https:\/\/repliquemangacine.fr\/"},{"@type":"ListItem","position":2,"name":"&#8220;Les Anneaux de Pouvoir&#8221; Saison 2"}]},{"@type":"WebSite","@id":"https:\/\/repliquemangacine.fr\/#website","url":"https:\/\/repliquemangacine.fr\/","name":"R\u00e9plique Manga Cin\u00e9","description":"","publisher":{"@id":"https:\/\/repliquemangacine.fr\/#organization"},"potentialAction":[{"@type":"SearchAction","target":{"@type":"EntryPoint","urlTemplate":"https:\/\/repliquemangacine.fr\/?s={search_term_string}"},"query-input":{"@type":"PropertyValueSpecification","valueRequired":true,"valueName":"search_term_string"}}],"inLanguage":"es"},{"@type":"Organization","@id":"https:\/\/repliquemangacine.fr\/#organization","name":"R\u00e9plique Manga Cin\u00e9","url":"https:\/\/repliquemangacine.fr\/","logo":{"@type":"ImageObject","inLanguage":"es","@id":"https:\/\/repliquemangacine.fr\/#\/schema\/logo\/image\/","url":"https:\/\/repliquemangacine.fr\/wp-content\/uploads\/2023\/10\/RMC-500250.png","contentUrl":"https:\/\/repliquemangacine.fr\/wp-content\/uploads\/2023\/10\/RMC-500250.png","width":500,"height":250,"caption":"R\u00e9plique Manga Cin\u00e9"},"image":{"@id":"https:\/\/repliquemangacine.fr\/#\/schema\/logo\/image\/"},"sameAs":["https:\/\/www.facebook.com\/RepliqueMangaCine","https:\/\/www.instagram.com\/repliquemangacine.fr\/"]},{"@type":"Person","@id":"https:\/\/repliquemangacine.fr\/#\/schema\/person\/08aed5adc9a5f0461480af5bd8fda389","name":"coquizart RMC"}]}},"_links":{"self":[{"href":"https:\/\/repliquemangacine.fr\/es\/wp-json\/wp\/v2\/posts\/69818","targetHints":{"allow":["GET"]}}],"collection":[{"href":"https:\/\/repliquemangacine.fr\/es\/wp-json\/wp\/v2\/posts"}],"about":[{"href":"https:\/\/repliquemangacine.fr\/es\/wp-json\/wp\/v2\/types\/post"}],"author":[{"embeddable":true,"href":"https:\/\/repliquemangacine.fr\/es\/wp-json\/wp\/v2\/users\/7689"}],"replies":[{"embeddable":true,"href":"https:\/\/repliquemangacine.fr\/es\/wp-json\/wp\/v2\/comments?post=69818"}],"version-history":[{"count":0,"href":"https:\/\/repliquemangacine.fr\/es\/wp-json\/wp\/v2\/posts\/69818\/revisions"}],"wp:featuredmedia":[{"embeddable":true,"href":"https:\/\/repliquemangacine.fr\/es\/wp-json\/wp\/v2\/media\/69819"}],"wp:attachment":[{"href":"https:\/\/repliquemangacine.fr\/es\/wp-json\/wp\/v2\/media?parent=69818"}],"wp:term":[{"taxonomy":"category","embeddable":true,"href":"https:\/\/repliquemangacine.fr\/es\/wp-json\/wp\/v2\/categories?post=69818"},{"taxonomy":"post_tag","embeddable":true,"href":"https:\/\/repliquemangacine.fr\/es\/wp-json\/wp\/v2\/tags?post=69818"}],"curies":[{"name":"wp","href":"https:\/\/api.w.org\/{rel}","templated":true}]}}