





{"id":69071,"date":"2024-02-10T19:22:43","date_gmt":"2024-02-10T18:22:43","guid":{"rendered":"https:\/\/repliquemangacine.fr\/?p=69071"},"modified":"2024-03-19T14:49:16","modified_gmt":"2024-03-19T13:49:16","slug":"80%e1%b5%89-aniversario-del-dia-d","status":"publish","type":"post","link":"https:\/\/repliquemangacine.fr\/es\/80%e1%b5%89-anniversaire-du-debarquement\/","title":{"rendered":"80\u1d49 aniversario del desembarco de Normand\u00eda"},"content":{"rendered":"<div data-elementor-type=\"wp-post\" data-elementor-id=\"69071\" class=\"elementor elementor-69071\" data-elementor-post-type=\"post\">\n\t\t\t\t\t\t<section class=\"elementor-section elementor-top-section elementor-element elementor-element-31c3c6d5 elementor-section-boxed elementor-section-height-default elementor-section-height-default\" data-id=\"31c3c6d5\" data-element_type=\"section\" data-e-type=\"section\">\n\t\t\t\t\t\t<div class=\"elementor-container elementor-column-gap-default\">\n\t\t\t\t\t<div class=\"elementor-column elementor-col-100 elementor-top-column elementor-element elementor-element-41957be1\" data-id=\"41957be1\" data-element_type=\"column\" data-e-type=\"column\">\n\t\t\t<div class=\"elementor-widget-wrap elementor-element-populated\">\n\t\t\t\t\t\t<div class=\"elementor-element elementor-element-473b36f1 elementor-widget elementor-widget-theme-post-title elementor-page-title elementor-widget-heading\" data-id=\"473b36f1\" data-element_type=\"widget\" data-e-type=\"widget\" data-widget_type=\"theme-post-title.default\">\n\t\t\t\t<div class=\"elementor-widget-container\">\n\t\t\t\t\t<h1 class=\"elementor-heading-title elementor-size-default\">80\u1d49 aniversario del desembarco de Normand\u00eda<\/h1>\t\t\t\t<\/div>\n\t\t\t\t<\/div>\n\t\t\t\t<div class=\"elementor-element elementor-element-8879619 elementor-widget elementor-widget-image\" data-id=\"8879619\" data-element_type=\"widget\" data-e-type=\"widget\" data-widget_type=\"image.default\">\n\t\t\t\t<div class=\"elementor-widget-container\">\n\t\t\t\t\t\t\t\t\t\t\t\t\t\t\t<img fetchpriority=\"high\" decoding=\"async\" width=\"600\" height=\"300\" src=\"https:\/\/repliquemangacine.fr\/wp-content\/uploads\/2024\/02\/logo-80e-anniversaire-du-debarquement.jpg\" class=\"attachment-large size-large wp-image-69088\" alt=\"80 aniversario del desembarco\" srcset=\"https:\/\/repliquemangacine.fr\/wp-content\/uploads\/2024\/02\/logo-80e-anniversaire-du-debarquement.jpg 600w, https:\/\/repliquemangacine.fr\/wp-content\/uploads\/2024\/02\/logo-80e-anniversaire-du-debarquement-300x150.jpg 300w, https:\/\/repliquemangacine.fr\/wp-content\/uploads\/2024\/02\/logo-80e-anniversaire-du-debarquement-64x32.jpg 64w\" sizes=\"(max-width: 600px) 100vw, 600px\" \/>\t\t\t\t\t\t\t\t\t\t\t\t\t\t\t<\/div>\n\t\t\t\t<\/div>\n\t\t\t\t<div class=\"elementor-element elementor-element-667cc3eb elementor-widget elementor-widget-text-editor\" data-id=\"667cc3eb\" data-element_type=\"widget\" data-e-type=\"widget\" data-widget_type=\"text-editor.default\">\n\t\t\t\t<div class=\"elementor-widget-container\">\n\t\t\t\t\t\t\t\t\t<p>Para empezar, este a\u00f1o 2024 estar\u00e1 marcado con gran emoci\u00f3n por el 80\u1d49 aniversario del D\u00eda D y la Batalla de Normand\u00eda. Conmemoraci\u00f3n internacional en presencia de jefes de Estado, gigantescos fuegos artificiales, conciertos, lanzamientos de paraca\u00eddas, bailes...<\/p><p>El 6 de junio de 2024 tendr\u00e1 lugar la ceremonia internacional en Saint-Laurent-sur-Mer (Omaha Beach). El acceso es solo por invitaci\u00f3n.<\/p><p>Junto a los veteranos m\u00e1s recientes, siempre est\u00e1n presentes presidentes y ministros de todo el mundo. En el pasado, la Reina Isabel II (que asisti\u00f3 a 4 conmemoraciones del D\u00eda D). Barack Obama, Putin (en 2014) y muchos otros. Todos ellos han rendido homenaje a los soldados y civiles que lucharon por la paz.<\/p><p>Este a\u00f1o, el Presidente Macron estar\u00e1 oficialmente presente. Actualmente estamos a la espera de conocer los nombres de las dem\u00e1s personalidades y estadistas que ser\u00e1n invitados.<\/p>\t\t\t\t\t\t\t\t<\/div>\n\t\t\t\t<\/div>\n\t\t\t\t\t<\/div>\n\t\t<\/div>\n\t\t\t\t\t<\/div>\n\t\t<\/section>\n\t\t\t\t<section class=\"elementor-section elementor-top-section elementor-element elementor-element-1d4e8ef4 elementor-section-boxed elementor-section-height-default elementor-section-height-default\" data-id=\"1d4e8ef4\" data-element_type=\"section\" data-e-type=\"section\">\n\t\t\t\t\t\t<div class=\"elementor-container elementor-column-gap-default\">\n\t\t\t\t\t<div class=\"elementor-column elementor-col-100 elementor-top-column elementor-element elementor-element-37df1e31\" data-id=\"37df1e31\" data-element_type=\"column\" data-e-type=\"column\">\n\t\t\t<div class=\"elementor-widget-wrap elementor-element-populated\">\n\t\t\t\t\t\t<div class=\"elementor-element elementor-element-74168147 elementor-widget elementor-widget-heading\" data-id=\"74168147\" data-element_type=\"widget\" data-e-type=\"widget\" data-widget_type=\"heading.default\">\n\t\t\t\t<div class=\"elementor-widget-container\">\n\t\t\t\t\t<h2 class=\"elementor-heading-title elementor-size-default\">1. El legado inmortal del 80\u1d49 aniversario del D\u00eda D y la Batalla de Normand\u00eda<\/h2>\t\t\t\t<\/div>\n\t\t\t\t<\/div>\n\t\t\t\t<div class=\"elementor-element elementor-element-4322580a elementor-widget elementor-widget-image\" data-id=\"4322580a\" data-element_type=\"widget\" data-e-type=\"widget\" data-widget_type=\"image.default\">\n\t\t\t\t<div class=\"elementor-widget-container\">\n\t\t\t\t\t\t\t\t\t\t\t\t<figure class=\"wp-caption\">\n\t\t\t\t\t\t\t\t\t\t<img decoding=\"async\" width=\"600\" height=\"300\" src=\"https:\/\/repliquemangacine.fr\/wp-content\/uploads\/2024\/02\/80\u1d49-anniversaire-du-Debarquement-et-la-Bataille-de-Normandie-1.jpg\" class=\"attachment-large size-large wp-image-69115\" alt=\"80\u1d49 aniversario del desembarco de Normand\u00eda 6 de junio de 1944\" srcset=\"https:\/\/repliquemangacine.fr\/wp-content\/uploads\/2024\/02\/80\u1d49-anniversaire-du-Debarquement-et-la-Bataille-de-Normandie-1.jpg 600w, https:\/\/repliquemangacine.fr\/wp-content\/uploads\/2024\/02\/80\u1d49-anniversaire-du-Debarquement-et-la-Bataille-de-Normandie-1-300x150.jpg 300w, https:\/\/repliquemangacine.fr\/wp-content\/uploads\/2024\/02\/80\u1d49-anniversaire-du-Debarquement-et-la-Bataille-de-Normandie-1-64x32.jpg 64w\" sizes=\"(max-width: 600px) 100vw, 600px\" \/>\t\t\t\t\t\t\t\t\t\t\t<figcaption class=\"widget-image-caption wp-caption-text\">Desembarco el 6 de junio de 1944<\/figcaption>\n\t\t\t\t\t\t\t\t\t\t<\/figure>\n\t\t\t\t\t\t\t\t\t<\/div>\n\t\t\t\t<\/div>\n\t\t\t\t<div class=\"elementor-element elementor-element-46fed8ed elementor-widget elementor-widget-text-editor\" data-id=\"46fed8ed\" data-element_type=\"widget\" data-e-type=\"widget\" data-widget_type=\"text-editor.default\">\n\t\t\t\t<div class=\"elementor-widget-container\">\n\t\t\t\t\t\t\t\t\t<p>Al amanecer del 6 de junio de 1944, las fuerzas aliadas se embarcaron en una de las operaciones militares m\u00e1s audaces y decisivas de la Segunda Guerra Mundial: el Desembarco de Normand\u00eda.<\/p><p>Han pasado 80 a\u00f1os desde el D\u00eda D y la Batalla de Normand\u00eda, momentos que marcaron un punto de inflexi\u00f3n decisivo en la historia de la Segunda Guerra Mundial y configuraron el futuro de Europa y del mundo. Esta operaci\u00f3n de una audacia y complejidad sin precedentes demostr\u00f3 el valor, la determinaci\u00f3n y el sacrificio de miles de j\u00f3venes soldados de or\u00edgenes diversos, unidos por una causa com\u00fan: la liberaci\u00f3n de Europa.<\/p><p>Sus heroicas acciones en las playas de Normand\u00eda y m\u00e1s all\u00e1 no s\u00f3lo ayudaron a romper las defensas alemanas, sino que tambi\u00e9n insuflaron nuevas esperanzas a los pueblos oprimidos. Hoy, 80 a\u00f1os despu\u00e9s, el legado del D\u00eda D y de la Batalla de Normand\u00eda sigue siendo inmortal y simboliza los valores de unidad, valor y sacrificio.<\/p><p>Estos acontecimientos nos recuerdan que la libertad es un bien precioso, adquirido a menudo al precio de inmensos sacrificios. En este d\u00eda de conmemoraci\u00f3n, rendimos homenaje a la valent\u00eda de estos hombres y mujeres que lucharon por un mundo mejor.<\/p>\t\t\t\t\t\t\t\t<\/div>\n\t\t\t\t<\/div>\n\t\t\t\t\t<\/div>\n\t\t<\/div>\n\t\t\t\t\t<\/div>\n\t\t<\/section>\n\t\t\t\t<section class=\"elementor-section elementor-top-section elementor-element elementor-element-4fe7d005 elementor-section-boxed elementor-section-height-default elementor-section-height-default\" data-id=\"4fe7d005\" data-element_type=\"section\" data-e-type=\"section\">\n\t\t\t\t\t\t<div class=\"elementor-container elementor-column-gap-default\">\n\t\t\t\t\t<div class=\"elementor-column elementor-col-100 elementor-top-column elementor-element elementor-element-4fa3cc24\" data-id=\"4fa3cc24\" data-element_type=\"column\" data-e-type=\"column\">\n\t\t\t<div class=\"elementor-widget-wrap elementor-element-populated\">\n\t\t\t\t\t\t<div class=\"elementor-element elementor-element-27aad177 elementor-widget elementor-widget-heading\" data-id=\"27aad177\" data-element_type=\"widget\" data-e-type=\"widget\" data-widget_type=\"heading.default\">\n\t\t\t\t<div class=\"elementor-widget-container\">\n\t\t\t\t\t<h2 class=\"elementor-heading-title elementor-size-default\">2. La importancia del D\u00eda D y de la batalla de Normand\u00eda<\/h2>\t\t\t\t<\/div>\n\t\t\t\t<\/div>\n\t\t\t\t<div class=\"elementor-element elementor-element-32780c0 elementor-widget elementor-widget-image\" data-id=\"32780c0\" data-element_type=\"widget\" data-e-type=\"widget\" data-widget_type=\"image.default\">\n\t\t\t\t<div class=\"elementor-widget-container\">\n\t\t\t\t\t\t\t\t\t\t\t\t<figure class=\"wp-caption\">\n\t\t\t\t\t\t\t\t\t\t<img decoding=\"async\" width=\"600\" height=\"300\" src=\"https:\/\/repliquemangacine.fr\/wp-content\/uploads\/2024\/02\/Le-D-Day.jpg\" class=\"attachment-large size-large wp-image-69091\" alt=\"80\u1d49 aniversario del D\u00eda D\" srcset=\"https:\/\/repliquemangacine.fr\/wp-content\/uploads\/2024\/02\/Le-D-Day.jpg 600w, https:\/\/repliquemangacine.fr\/wp-content\/uploads\/2024\/02\/Le-D-Day-300x150.jpg 300w, https:\/\/repliquemangacine.fr\/wp-content\/uploads\/2024\/02\/Le-D-Day-64x32.jpg 64w\" sizes=\"(max-width: 600px) 100vw, 600px\" \/>\t\t\t\t\t\t\t\t\t\t\t<figcaption class=\"widget-image-caption wp-caption-text\">El D\u00eda D<\/figcaption>\n\t\t\t\t\t\t\t\t\t\t<\/figure>\n\t\t\t\t\t\t\t\t\t<\/div>\n\t\t\t\t<\/div>\n\t\t\t\t<div class=\"elementor-element elementor-element-66f8ed7c elementor-widget elementor-widget-text-editor\" data-id=\"66f8ed7c\" data-element_type=\"widget\" data-e-type=\"widget\" data-widget_type=\"text-editor.default\">\n\t\t\t\t<div class=\"elementor-widget-container\">\n\t\t\t\t\t\t\t\t\t<p>El 6 de junio de 1944 pasar\u00e1 a la historia como el d\u00eda en que las fuerzas aliadas lanzaron una de las mayores y m\u00e1s audaces operaciones militares para liberar a Europa del yugo nazi: el Desembarco de Normand\u00eda, tambi\u00e9n conocido como Operaci\u00f3n Overlord.<\/p><p>Ese d\u00eda, y en los d\u00edas siguientes, miles de j\u00f3venes de quince naciones, entre ellos 177 valientes franceses del comando Kieffer, pisaron las playas de Normand\u00eda. Su misi\u00f3n era clara, pero peligrosa: liberar la tierra y allanar el camino de la victoria sobre la Alemania nazi.<\/p><p>A medianoche del D\u00eda D, m\u00e1s de 150.000 soldados aliados, apoyados por 23.000 paracaidistas y movilizando 20.000 veh\u00edculos de todos los tama\u00f1os, estaban ya en Normand\u00eda, marcando el inicio de una operaci\u00f3n sin precedentes. Las cifras hablan por s\u00ed solas: 12.000 hombres pagaron el precio m\u00e1s alto, dejando atr\u00e1s familias y amigos en duelo, todo por la promesa de un futuro mejor. No se puede negar que este colosal sacrificio no fue en vano.<\/p><p>Los tres meses de encarnizados combates que siguieron liberaron Normand\u00eda, allanando el camino para la liberaci\u00f3n de Par\u00eds y, en \u00faltima instancia, de toda Europa.<\/p>\t\t\t\t\t\t\t\t<\/div>\n\t\t\t\t<\/div>\n\t\t\t\t\t<\/div>\n\t\t<\/div>\n\t\t\t\t\t<\/div>\n\t\t<\/section>\n\t\t\t\t<section class=\"elementor-section elementor-top-section elementor-element elementor-element-2a183624 elementor-section-boxed elementor-section-height-default elementor-section-height-default\" data-id=\"2a183624\" data-element_type=\"section\" data-e-type=\"section\">\n\t\t\t\t\t\t<div class=\"elementor-container elementor-column-gap-default\">\n\t\t\t\t\t<div class=\"elementor-column elementor-col-100 elementor-top-column elementor-element elementor-element-67c521e5\" data-id=\"67c521e5\" data-element_type=\"column\" data-e-type=\"column\">\n\t\t\t<div class=\"elementor-widget-wrap elementor-element-populated\">\n\t\t\t\t\t\t<div class=\"elementor-element elementor-element-65c8db1d elementor-widget elementor-widget-heading\" data-id=\"65c8db1d\" data-element_type=\"widget\" data-e-type=\"widget\" data-widget_type=\"heading.default\">\n\t\t\t\t<div class=\"elementor-widget-container\">\n\t\t\t\t\t<h2 class=\"elementor-heading-title elementor-size-default\">3. 80\u1d49 aniversario del D\u00eda D: Memoria colectiva<\/h2>\t\t\t\t<\/div>\n\t\t\t\t<\/div>\n\t\t\t\t<div class=\"elementor-element elementor-element-51329646 elementor-widget elementor-widget-image\" data-id=\"51329646\" data-element_type=\"widget\" data-e-type=\"widget\" data-widget_type=\"image.default\">\n\t\t\t\t<div class=\"elementor-widget-container\">\n\t\t\t\t\t\t\t\t\t\t\t\t<figure class=\"wp-caption\">\n\t\t\t\t\t\t\t\t\t\t<img loading=\"lazy\" decoding=\"async\" width=\"600\" height=\"300\" src=\"https:\/\/repliquemangacine.fr\/wp-content\/uploads\/2024\/02\/Commemoration-officielle-70e-anniversaire.jpg\" class=\"attachment-large size-large wp-image-69114\" alt=\"Conmemoraci\u00f3n oficial del 70\u1d49 aniversario\" srcset=\"https:\/\/repliquemangacine.fr\/wp-content\/uploads\/2024\/02\/Commemoration-officielle-70e-anniversaire.jpg 600w, https:\/\/repliquemangacine.fr\/wp-content\/uploads\/2024\/02\/Commemoration-officielle-70e-anniversaire-300x150.jpg 300w, https:\/\/repliquemangacine.fr\/wp-content\/uploads\/2024\/02\/Commemoration-officielle-70e-anniversaire-64x32.jpg 64w\" sizes=\"(max-width: 600px) 100vw, 600px\" \/>\t\t\t\t\t\t\t\t\t\t\t<figcaption class=\"widget-image-caption wp-caption-text\">Conmemoraci\u00f3n oficial del 70\u1d49 aniversario<\/figcaption>\n\t\t\t\t\t\t\t\t\t\t<\/figure>\n\t\t\t\t\t\t\t\t\t<\/div>\n\t\t\t\t<\/div>\n\t\t\t\t<div class=\"elementor-element elementor-element-4933027d elementor-widget elementor-widget-text-editor\" data-id=\"4933027d\" data-element_type=\"widget\" data-e-type=\"widget\" data-widget_type=\"text-editor.default\">\n\t\t\t\t<div class=\"elementor-widget-container\">\n\t\t\t\t\t\t\t\t\t<p>El Desembarco de Normand\u00eda y las batallas que le siguieron han tenido un profundo impacto. No s\u00f3lo para la historia, sino tambi\u00e9n para la cultura y la memoria colectiva a escala mundial. Este acontecimiento monumental ha inspirado infinidad de obras literarias, cinematogr\u00e1ficas, musicales y art\u00edsticas, y ha servido de tel\u00f3n de fondo a historias de valor, sacrificio y resistencia humana.<\/p><p>Pel\u00edculas ic\u00f3nicas, novelas, documentales y videojuegos han captado la esencia de este episodio hist\u00f3rico. Permitiendo a las nuevas generaciones comprender la magnitud de los sacrificios realizados por la libertad. La conmemoraci\u00f3n anual del D\u00eda D refuerza esta memoria colectiva. Con ceremonias que re\u00fanen no s\u00f3lo a los supervivientes y sus familias, sino tambi\u00e9n a j\u00f3venes de todo el mundo para rendir homenaje a estos h\u00e9roes.<\/p><p>Estos acontecimientos y representaciones art\u00edsticas contribuyen a perpetuar la memoria de las batallas, garantizando que las lecciones aprendidas sigan siendo pertinentes hoy en d\u00eda. En efecto, al transmitir estas historias, se enriquece la memoria colectiva. Se refuerza as\u00ed el v\u00ednculo entre el pasado y el presente, subrayando la importancia de preservar la paz y la libertad. De este modo, el impacto cultural del Desembarco de Normand\u00eda trasciende el tiempo, convirti\u00e9ndose en un s\u00edmbolo eterno del esp\u00edritu humano frente a la adversidad.<\/p>\t\t\t\t\t\t\t\t<\/div>\n\t\t\t\t<\/div>\n\t\t\t\t\t<\/div>\n\t\t<\/div>\n\t\t\t\t\t<\/div>\n\t\t<\/section>\n\t\t\t\t<section class=\"elementor-section elementor-top-section elementor-element elementor-element-5b9f6d2b elementor-section-boxed elementor-section-height-default elementor-section-height-default\" data-id=\"5b9f6d2b\" data-element_type=\"section\" data-e-type=\"section\">\n\t\t\t\t\t\t<div class=\"elementor-container elementor-column-gap-default\">\n\t\t\t\t\t<div class=\"elementor-column elementor-col-100 elementor-top-column elementor-element elementor-element-1d60e0b0\" data-id=\"1d60e0b0\" data-element_type=\"column\" data-e-type=\"column\">\n\t\t\t<div class=\"elementor-widget-wrap elementor-element-populated\">\n\t\t\t\t\t\t<div class=\"elementor-element elementor-element-1f680f71 elementor-widget elementor-widget-heading\" data-id=\"1f680f71\" data-element_type=\"widget\" data-e-type=\"widget\" data-widget_type=\"heading.default\">\n\t\t\t\t<div class=\"elementor-widget-container\">\n\t\t\t\t\t<h2 class=\"elementor-heading-title elementor-size-default\">4. Inmortalizar la historia con r\u00e9plicas aut\u00e9nticas<\/h2>\t\t\t\t<\/div>\n\t\t\t\t<\/div>\n\t\t\t\t<div class=\"elementor-element elementor-element-5301e441 elementor-widget elementor-widget-image\" data-id=\"5301e441\" data-element_type=\"widget\" data-e-type=\"widget\" data-widget_type=\"image.default\">\n\t\t\t\t<div class=\"elementor-widget-container\">\n\t\t\t\t\t\t\t\t\t\t\t\t<figure class=\"wp-caption\">\n\t\t\t\t\t\t\t\t\t\t<img loading=\"lazy\" decoding=\"async\" width=\"600\" height=\"300\" src=\"https:\/\/repliquemangacine.fr\/wp-content\/uploads\/2024\/02\/Les-armes-Seconde-Guerre-Mondiale-debarquement.jpg\" class=\"attachment-large size-large wp-image-69125\" alt=\"80\u1d49 aniversario del Desembarco - las armas\" srcset=\"https:\/\/repliquemangacine.fr\/wp-content\/uploads\/2024\/02\/Les-armes-Seconde-Guerre-Mondiale-debarquement.jpg 600w, https:\/\/repliquemangacine.fr\/wp-content\/uploads\/2024\/02\/Les-armes-Seconde-Guerre-Mondiale-debarquement-300x150.jpg 300w, https:\/\/repliquemangacine.fr\/wp-content\/uploads\/2024\/02\/Les-armes-Seconde-Guerre-Mondiale-debarquement-64x32.jpg 64w\" sizes=\"(max-width: 600px) 100vw, 600px\" \/>\t\t\t\t\t\t\t\t\t\t\t<figcaption class=\"widget-image-caption wp-caption-text\">Las armas del desembarco<\/figcaption>\n\t\t\t\t\t\t\t\t\t\t<\/figure>\n\t\t\t\t\t\t\t\t\t<\/div>\n\t\t\t\t<\/div>\n\t\t\t\t<div class=\"elementor-element elementor-element-f08837d elementor-widget elementor-widget-text-editor\" data-id=\"f08837d\" data-element_type=\"widget\" data-e-type=\"widget\" data-widget_type=\"text-editor.default\">\n\t\t\t\t<div class=\"elementor-widget-container\">\n\t\t\t\t\t\t\t\t\t<p>En nuestro af\u00e1n por acercar la historia de todos. Ofrecemos una meticulosa selecci\u00f3n de r\u00e9plicas de armas de la marca Denix. Permitiendo a nuestros clientes experimentar de primera mano las reliquias de una \u00e9poca pasada.<\/p><p>Estas piezas de coleccionista incluyen el <a href=\"https:\/\/repliquemangacine.fr\/es\/reproduccion-armas-segunda-guerra-mundial-denix\/fusil-m1-garand\/\">Garand M1<\/a> destaca esta emblem\u00e1tica arma que sirvi\u00f3 de pilar a las fuerzas aliadas. El sitio <a href=\"https:\/\/repliquemangacine.fr\/es\/denix\/subametralladora-mp40\/\">Subfusil MP40<\/a>Con su reconocible dise\u00f1o, evoca las intensas batallas en las que particip\u00f3. El sitio <a href=\"https:\/\/repliquemangacine.fr\/es\/denix\/fusil-automatico-m1911a1-desmontable\/\">Pistola M1911 A1<\/a> y la pistola Mauser C96 tambi\u00e9n son iconos. Sus siluetas y mecanismos han sobrevivido al paso del tiempo para dar testimonio del genio humano en la fabricaci\u00f3n de armas.<\/p><p>Nuestra colecci\u00f3n se enriquece con accesorios hist\u00f3ricos, como el <a href=\"https:\/\/repliquemangacine.fr\/es\/armas-accesorias-guerra-mundial\/granada-m24-prensa-de-pure\/\">Granadas alemanas<\/a> y EE.UU., as\u00ed como cascos y muchos otros accesorios. Estas r\u00e9plicas, fieles a los originales, contribuyen a sensibilizar a las nuevas generaciones sobre la realidad de los conflictos que han dado forma a nuestro mundo.<\/p><p>Al incluir estas piezas en su colecci\u00f3n, estar\u00e1 inmortalizando la historia, rindiendo homenaje a los hombres y mujeres que lucharon por la libertad y la justicia. Estas r\u00e9plicas aut\u00e9nticas ofrecen una ventana \u00fanica al pasado. Invitan a la reflexi\u00f3n y a la conmemoraci\u00f3n, al tiempo que enriquecen su espacio con su valor hist\u00f3rico y educativo.<\/p>\t\t\t\t\t\t\t\t<\/div>\n\t\t\t\t<\/div>\n\t\t\t\t\t<\/div>\n\t\t<\/div>\n\t\t\t\t\t<\/div>\n\t\t<\/section>\n\t\t\t\t<section class=\"elementor-section elementor-top-section elementor-element elementor-element-a96ef79 elementor-section-boxed elementor-section-height-default elementor-section-height-default\" data-id=\"a96ef79\" data-element_type=\"section\" data-e-type=\"section\">\n\t\t\t\t\t\t<div class=\"elementor-container elementor-column-gap-default\">\n\t\t\t\t\t<div class=\"elementor-column elementor-col-100 elementor-top-column elementor-element elementor-element-1e30a64\" data-id=\"1e30a64\" data-element_type=\"column\" data-e-type=\"column\">\n\t\t\t<div class=\"elementor-widget-wrap elementor-element-populated\">\n\t\t\t\t\t\t<div class=\"elementor-element elementor-element-315d461 elementor-widget elementor-widget-heading\" data-id=\"315d461\" data-element_type=\"widget\" data-e-type=\"widget\" data-widget_type=\"heading.default\">\n\t\t\t\t<div class=\"elementor-widget-container\">\n\t\t\t\t\t<h2 class=\"elementor-heading-title elementor-size-default\">5. 80\u1d49 aniversario del D\u00eda D: lugares y museos de visita obligada\n<\/h2>\t\t\t\t<\/div>\n\t\t\t\t<\/div>\n\t\t\t\t<div class=\"elementor-element elementor-element-0cdcdae elementor-widget elementor-widget-image\" data-id=\"0cdcdae\" data-element_type=\"widget\" data-e-type=\"widget\" data-widget_type=\"image.default\">\n\t\t\t\t<div class=\"elementor-widget-container\">\n\t\t\t\t\t\t\t\t\t\t\t\t<figure class=\"wp-caption\">\n\t\t\t\t\t\t\t\t\t\t<img loading=\"lazy\" decoding=\"async\" width=\"600\" height=\"300\" src=\"https:\/\/repliquemangacine.fr\/wp-content\/uploads\/2024\/02\/Cimetiere-Americain-dOmaha-Beach.jpg\" class=\"attachment-large size-large wp-image-69129\" alt=\"Sitio hist\u00f3rico Cementerio Americano de Omaha Beach\" srcset=\"https:\/\/repliquemangacine.fr\/wp-content\/uploads\/2024\/02\/Cimetiere-Americain-dOmaha-Beach.jpg 600w, https:\/\/repliquemangacine.fr\/wp-content\/uploads\/2024\/02\/Cimetiere-Americain-dOmaha-Beach-300x150.jpg 300w, https:\/\/repliquemangacine.fr\/wp-content\/uploads\/2024\/02\/Cimetiere-Americain-dOmaha-Beach-64x32.jpg 64w\" sizes=\"(max-width: 600px) 100vw, 600px\" \/>\t\t\t\t\t\t\t\t\t\t\t<figcaption class=\"widget-image-caption wp-caption-text\">Cementerio americano de Omaha Beach<\/figcaption>\n\t\t\t\t\t\t\t\t\t\t<\/figure>\n\t\t\t\t\t\t\t\t\t<\/div>\n\t\t\t\t<\/div>\n\t\t\t\t<div class=\"elementor-element elementor-element-c494359 elementor-widget elementor-widget-text-editor\" data-id=\"c494359\" data-element_type=\"widget\" data-e-type=\"widget\" data-widget_type=\"text-editor.default\">\n\t\t\t\t<div class=\"elementor-widget-container\">\n\t\t\t\t\t\t\t\t\t<p>La historia del D\u00eda D no s\u00f3lo puede contarse a trav\u00e9s de libros y documentales. Tambi\u00e9n puede visitar los lugares donde tuvo lugar este acontecimiento hist\u00f3rico. Normand\u00eda alberga multitud de lugares y museos dedicados al desembarco del D\u00eda D, el 6 de junio de 1944. Ofrecen una visi\u00f3n profunda de los acontecimientos que cambiaron el curso de la Segunda Guerra Mundial.<\/p><p>Entre ellos, el<a href=\"https:\/\/utah-beach.com\/\" target=\"_blank\" rel=\"noopener noreferrer\">Playa de Utah<\/a> presenta una impresionante colecci\u00f3n de objetos que dan testimonio de los desembarcos en esta playa. El Memorial de Caen ofrece una reflexi\u00f3n sobre la guerra y la paz a trav\u00e9s de conmovedoras exposiciones. El Cementerio Americano, con vistas a Omaha Beach, ofrece un lugar de recuerdo a los miles de soldados ca\u00eddos. No muy lejos, el <a href=\"https:\/\/airborne-museum.org\/\" target=\"_blank\" rel=\"noopener noreferrer\">Museo Aerotransportado<\/a> Sainte-M\u00e8re-\u00c9glise rinde homenaje a los paracaidistas aliados y a sus heroicas acciones. Por \u00faltimo, la Pointe du Hoc, con sus acantilados y b\u00fankeres, sigue siendo un testimonio conmovedor de la audacia de la incursi\u00f3n estadounidense.<\/p><p>En conclusi\u00f3n, cada uno de estos sitios y museos aporta algo a nuestra memoria colectiva. Nos permiten comprender la magnitud y la complejidad de la Operaci\u00f3n Overlord. As\u00ed, rindiendo homenaje a quienes sacrificaron sus vidas por <strong>Nuestra<\/strong> libertad.<\/p>\t\t\t\t\t\t\t\t<\/div>\n\t\t\t\t<\/div>\n\t\t\t\t\t<\/div>\n\t\t<\/div>\n\t\t\t\t\t<\/div>\n\t\t<\/section>\n\t\t\t\t<\/div>","protected":false},"excerpt":{"rendered":"<p>Pour commencer, cette ann\u00e9e 2024 sera marqu\u00e9 avec beaucoup d&#8217;\u00e9motions par le 80\u1d49 anniversaire du D\u00e9barquement et la Bataille de Normandie. Comm\u00e9moration internationale en pr\u00e9sence de chefs d\u2019\u00c9tat, feux d\u2019artifices g\u00e9ants, concerts, parachutages, bals\u2026 Le 6 juin 2024, la c\u00e9r\u00e9monie internationale se d\u00e9roulera \u00e0 Saint-Laurent-sur-Mer (Omaha Beach). Elle ne sera accessible que sur invitation. Aux [&hellip;]<\/p>\n","protected":false},"author":7689,"featured_media":69154,"comment_status":"open","ping_status":"open","sticky":false,"template":"","format":"standard","meta":{"footnotes":""},"categories":[840],"tags":[],"class_list":["post-69071","post","type-post","status-publish","format-standard","has-post-thumbnail","hentry","category-evenements"],"yoast_head":"<!-- This site is optimized with the Yoast SEO plugin v27.5 - https:\/\/yoast.com\/product\/yoast-seo-wordpress\/ -->\n<title>80\u1d49 anniversaire du D\u00e9barquement de Normandie | R\u00e9plique Manga Cin\u00e9<\/title>\n<meta name=\"description\" content=\"Plongez dans le 80\u1d49 anniversaire du D\u00e9barquement et la Bataille de Normandie : un hommage aux h\u00e9ros, une c\u00e9l\u00e9bration pour ne jamais oublier.\" \/>\n<meta name=\"robots\" content=\"index, follow, max-snippet:-1, max-image-preview:large, max-video-preview:-1\" \/>\n<link rel=\"canonical\" href=\"https:\/\/repliquemangacine.fr\/es\/80\u1d49-aniversario-del-dia-d\/\" \/>\n<meta property=\"og:locale\" content=\"es_ES\" \/>\n<meta property=\"og:type\" content=\"article\" \/>\n<meta property=\"og:title\" content=\"80\u1d49 anniversaire du D\u00e9barquement de Normandie | R\u00e9plique Manga Cin\u00e9\" \/>\n<meta property=\"og:description\" content=\"Plongez dans le 80\u1d49 anniversaire du D\u00e9barquement et la Bataille de Normandie : un hommage aux h\u00e9ros, une c\u00e9l\u00e9bration pour ne jamais oublier.\" \/>\n<meta property=\"og:url\" content=\"https:\/\/repliquemangacine.fr\/es\/80\u1d49-aniversario-del-dia-d\/\" \/>\n<meta property=\"og:site_name\" content=\"R\u00e9plique Manga Cin\u00e9\" \/>\n<meta property=\"article:publisher\" content=\"https:\/\/www.facebook.com\/RepliqueMangaCine\" \/>\n<meta property=\"article:published_time\" content=\"2024-02-10T18:22:43+00:00\" \/>\n<meta property=\"article:modified_time\" content=\"2024-03-19T13:49:16+00:00\" \/>\n<meta property=\"og:image\" content=\"https:\/\/repliquemangacine.fr\/wp-content\/uploads\/2024\/02\/80e-anniversaire-du-debarquement-1.jpg\" \/>\n\t<meta property=\"og:image:width\" content=\"600\" \/>\n\t<meta property=\"og:image:height\" content=\"300\" \/>\n\t<meta property=\"og:image:type\" content=\"image\/jpeg\" \/>\n<meta name=\"author\" content=\"coquizart RMC\" \/>\n<meta name=\"twitter:card\" content=\"summary_large_image\" \/>\n<meta name=\"twitter:label1\" content=\"Escrito por\" \/>\n\t<meta name=\"twitter:data1\" content=\"coquizart RMC\" \/>\n\t<meta name=\"twitter:label2\" content=\"Tiempo de lectura\" \/>\n\t<meta name=\"twitter:data2\" content=\"8 minutos\" \/>\n<script type=\"application\/ld+json\" class=\"yoast-schema-graph\">{\"@context\":\"https:\\\/\\\/schema.org\",\"@graph\":[{\"@type\":[\"Article\",\"BlogPosting\"],\"@id\":\"https:\\\/\\\/repliquemangacine.fr\\\/80%e1%b5%89-anniversaire-du-debarquement\\\/#article\",\"isPartOf\":{\"@id\":\"https:\\\/\\\/repliquemangacine.fr\\\/80%e1%b5%89-anniversaire-du-debarquement\\\/\"},\"author\":{\"name\":\"coquizart RMC\",\"@id\":\"https:\\\/\\\/repliquemangacine.fr\\\/#\\\/schema\\\/person\\\/08aed5adc9a5f0461480af5bd8fda389\"},\"headline\":\"80\u1d49 anniversaire du D\u00e9barquement de Normandie\",\"datePublished\":\"2024-02-10T18:22:43+00:00\",\"dateModified\":\"2024-03-19T13:49:16+00:00\",\"mainEntityOfPage\":{\"@id\":\"https:\\\/\\\/repliquemangacine.fr\\\/80%e1%b5%89-anniversaire-du-debarquement\\\/\"},\"wordCount\":1348,\"commentCount\":0,\"publisher\":{\"@id\":\"https:\\\/\\\/repliquemangacine.fr\\\/#organization\"},\"image\":{\"@id\":\"https:\\\/\\\/repliquemangacine.fr\\\/80%e1%b5%89-anniversaire-du-debarquement\\\/#primaryimage\"},\"thumbnailUrl\":\"https:\\\/\\\/repliquemangacine.fr\\\/wp-content\\\/uploads\\\/2024\\\/02\\\/80e-anniversaire-du-debarquement-1.jpg\",\"articleSection\":[\"Ev\u00e8nements\"],\"inLanguage\":\"es\",\"potentialAction\":[{\"@type\":\"CommentAction\",\"name\":\"Comment\",\"target\":[\"https:\\\/\\\/repliquemangacine.fr\\\/80%e1%b5%89-anniversaire-du-debarquement\\\/#respond\"]}]},{\"@type\":\"WebPage\",\"@id\":\"https:\\\/\\\/repliquemangacine.fr\\\/80%e1%b5%89-anniversaire-du-debarquement\\\/\",\"url\":\"https:\\\/\\\/repliquemangacine.fr\\\/80%e1%b5%89-anniversaire-du-debarquement\\\/\",\"name\":\"80\u1d49 anniversaire du D\u00e9barquement de Normandie | R\u00e9plique Manga Cin\u00e9\",\"isPartOf\":{\"@id\":\"https:\\\/\\\/repliquemangacine.fr\\\/#website\"},\"primaryImageOfPage\":{\"@id\":\"https:\\\/\\\/repliquemangacine.fr\\\/80%e1%b5%89-anniversaire-du-debarquement\\\/#primaryimage\"},\"image\":{\"@id\":\"https:\\\/\\\/repliquemangacine.fr\\\/80%e1%b5%89-anniversaire-du-debarquement\\\/#primaryimage\"},\"thumbnailUrl\":\"https:\\\/\\\/repliquemangacine.fr\\\/wp-content\\\/uploads\\\/2024\\\/02\\\/80e-anniversaire-du-debarquement-1.jpg\",\"datePublished\":\"2024-02-10T18:22:43+00:00\",\"dateModified\":\"2024-03-19T13:49:16+00:00\",\"description\":\"Plongez dans le 80\u1d49 anniversaire du D\u00e9barquement et la Bataille de Normandie : un hommage aux h\u00e9ros, une c\u00e9l\u00e9bration pour ne jamais oublier.\",\"breadcrumb\":{\"@id\":\"https:\\\/\\\/repliquemangacine.fr\\\/80%e1%b5%89-anniversaire-du-debarquement\\\/#breadcrumb\"},\"inLanguage\":\"es\",\"potentialAction\":[{\"@type\":\"ReadAction\",\"target\":[\"https:\\\/\\\/repliquemangacine.fr\\\/80%e1%b5%89-anniversaire-du-debarquement\\\/\"]}]},{\"@type\":\"ImageObject\",\"inLanguage\":\"es\",\"@id\":\"https:\\\/\\\/repliquemangacine.fr\\\/80%e1%b5%89-anniversaire-du-debarquement\\\/#primaryimage\",\"url\":\"https:\\\/\\\/repliquemangacine.fr\\\/wp-content\\\/uploads\\\/2024\\\/02\\\/80e-anniversaire-du-debarquement-1.jpg\",\"contentUrl\":\"https:\\\/\\\/repliquemangacine.fr\\\/wp-content\\\/uploads\\\/2024\\\/02\\\/80e-anniversaire-du-debarquement-1.jpg\",\"width\":600,\"height\":300,\"caption\":\"80e-anniversaire-du-d\u00e9barquement- blog\"},{\"@type\":\"BreadcrumbList\",\"@id\":\"https:\\\/\\\/repliquemangacine.fr\\\/80%e1%b5%89-anniversaire-du-debarquement\\\/#breadcrumb\",\"itemListElement\":[{\"@type\":\"ListItem\",\"position\":1,\"name\":\"Accueil\",\"item\":\"https:\\\/\\\/repliquemangacine.fr\\\/\"},{\"@type\":\"ListItem\",\"position\":2,\"name\":\"80\u1d49 anniversaire du D\u00e9barquement de Normandie\"}]},{\"@type\":\"WebSite\",\"@id\":\"https:\\\/\\\/repliquemangacine.fr\\\/#website\",\"url\":\"https:\\\/\\\/repliquemangacine.fr\\\/\",\"name\":\"R\u00e9plique Manga Cin\u00e9\",\"description\":\"\",\"publisher\":{\"@id\":\"https:\\\/\\\/repliquemangacine.fr\\\/#organization\"},\"potentialAction\":[{\"@type\":\"SearchAction\",\"target\":{\"@type\":\"EntryPoint\",\"urlTemplate\":\"https:\\\/\\\/repliquemangacine.fr\\\/?s={search_term_string}\"},\"query-input\":{\"@type\":\"PropertyValueSpecification\",\"valueRequired\":true,\"valueName\":\"search_term_string\"}}],\"inLanguage\":\"es\"},{\"@type\":\"Organization\",\"@id\":\"https:\\\/\\\/repliquemangacine.fr\\\/#organization\",\"name\":\"R\u00e9plique Manga Cin\u00e9\",\"url\":\"https:\\\/\\\/repliquemangacine.fr\\\/\",\"logo\":{\"@type\":\"ImageObject\",\"inLanguage\":\"es\",\"@id\":\"https:\\\/\\\/repliquemangacine.fr\\\/#\\\/schema\\\/logo\\\/image\\\/\",\"url\":\"https:\\\/\\\/repliquemangacine.fr\\\/wp-content\\\/uploads\\\/2023\\\/10\\\/RMC-500250.png\",\"contentUrl\":\"https:\\\/\\\/repliquemangacine.fr\\\/wp-content\\\/uploads\\\/2023\\\/10\\\/RMC-500250.png\",\"width\":500,\"height\":250,\"caption\":\"R\u00e9plique Manga Cin\u00e9\"},\"image\":{\"@id\":\"https:\\\/\\\/repliquemangacine.fr\\\/#\\\/schema\\\/logo\\\/image\\\/\"},\"sameAs\":[\"https:\\\/\\\/www.facebook.com\\\/RepliqueMangaCine\",\"https:\\\/\\\/www.instagram.com\\\/repliquemangacine.fr\\\/\"]},{\"@type\":\"Person\",\"@id\":\"https:\\\/\\\/repliquemangacine.fr\\\/#\\\/schema\\\/person\\\/08aed5adc9a5f0461480af5bd8fda389\",\"name\":\"coquizart RMC\"}]}<\/script>\n<!-- \/ Yoast SEO plugin. -->","yoast_head_json":{"title":"80\u1d49 aniversario del desembarco de Normand\u00eda | R\u00e9plique Manga Cin\u00e9","description":"Sum\u00e9rjase en el 80\u1d49 aniversario del D\u00eda D y la Batalla de Normand\u00eda: un homenaje a los h\u00e9roes, una celebraci\u00f3n para no olvidar jam\u00e1s.","robots":{"index":"index","follow":"follow","max-snippet":"max-snippet:-1","max-image-preview":"max-image-preview:large","max-video-preview":"max-video-preview:-1"},"canonical":"https:\/\/repliquemangacine.fr\/es\/80\u1d49-aniversario-del-dia-d\/","og_locale":"es_ES","og_type":"article","og_title":"80\u1d49 anniversaire du D\u00e9barquement de Normandie | R\u00e9plique Manga Cin\u00e9","og_description":"Plongez dans le 80\u1d49 anniversaire du D\u00e9barquement et la Bataille de Normandie : un hommage aux h\u00e9ros, une c\u00e9l\u00e9bration pour ne jamais oublier.","og_url":"https:\/\/repliquemangacine.fr\/es\/80\u1d49-aniversario-del-dia-d\/","og_site_name":"R\u00e9plique Manga Cin\u00e9","article_publisher":"https:\/\/www.facebook.com\/RepliqueMangaCine","article_published_time":"2024-02-10T18:22:43+00:00","article_modified_time":"2024-03-19T13:49:16+00:00","og_image":[{"width":600,"height":300,"url":"https:\/\/repliquemangacine.fr\/wp-content\/uploads\/2024\/02\/80e-anniversaire-du-debarquement-1.jpg","type":"image\/jpeg"}],"author":"coquizart RMC","twitter_card":"summary_large_image","twitter_misc":{"Escrito por":"coquizart RMC","Tiempo de lectura":"8 minutos"},"schema":{"@context":"https:\/\/schema.org","@graph":[{"@type":["Article","BlogPosting"],"@id":"https:\/\/repliquemangacine.fr\/80%e1%b5%89-anniversaire-du-debarquement\/#article","isPartOf":{"@id":"https:\/\/repliquemangacine.fr\/80%e1%b5%89-anniversaire-du-debarquement\/"},"author":{"name":"coquizart RMC","@id":"https:\/\/repliquemangacine.fr\/#\/schema\/person\/08aed5adc9a5f0461480af5bd8fda389"},"headline":"80\u1d49 anniversaire du D\u00e9barquement de Normandie","datePublished":"2024-02-10T18:22:43+00:00","dateModified":"2024-03-19T13:49:16+00:00","mainEntityOfPage":{"@id":"https:\/\/repliquemangacine.fr\/80%e1%b5%89-anniversaire-du-debarquement\/"},"wordCount":1348,"commentCount":0,"publisher":{"@id":"https:\/\/repliquemangacine.fr\/#organization"},"image":{"@id":"https:\/\/repliquemangacine.fr\/80%e1%b5%89-anniversaire-du-debarquement\/#primaryimage"},"thumbnailUrl":"https:\/\/repliquemangacine.fr\/wp-content\/uploads\/2024\/02\/80e-anniversaire-du-debarquement-1.jpg","articleSection":["Ev\u00e8nements"],"inLanguage":"es","potentialAction":[{"@type":"CommentAction","name":"Comment","target":["https:\/\/repliquemangacine.fr\/80%e1%b5%89-anniversaire-du-debarquement\/#respond"]}]},{"@type":"WebPage","@id":"https:\/\/repliquemangacine.fr\/80%e1%b5%89-anniversaire-du-debarquement\/","url":"https:\/\/repliquemangacine.fr\/80%e1%b5%89-anniversaire-du-debarquement\/","name":"80\u1d49 aniversario del desembarco de Normand\u00eda | R\u00e9plique Manga Cin\u00e9","isPartOf":{"@id":"https:\/\/repliquemangacine.fr\/#website"},"primaryImageOfPage":{"@id":"https:\/\/repliquemangacine.fr\/80%e1%b5%89-anniversaire-du-debarquement\/#primaryimage"},"image":{"@id":"https:\/\/repliquemangacine.fr\/80%e1%b5%89-anniversaire-du-debarquement\/#primaryimage"},"thumbnailUrl":"https:\/\/repliquemangacine.fr\/wp-content\/uploads\/2024\/02\/80e-anniversaire-du-debarquement-1.jpg","datePublished":"2024-02-10T18:22:43+00:00","dateModified":"2024-03-19T13:49:16+00:00","description":"Sum\u00e9rjase en el 80\u1d49 aniversario del D\u00eda D y la Batalla de Normand\u00eda: un homenaje a los h\u00e9roes, una celebraci\u00f3n para no olvidar jam\u00e1s.","breadcrumb":{"@id":"https:\/\/repliquemangacine.fr\/80%e1%b5%89-anniversaire-du-debarquement\/#breadcrumb"},"inLanguage":"es","potentialAction":[{"@type":"ReadAction","target":["https:\/\/repliquemangacine.fr\/80%e1%b5%89-anniversaire-du-debarquement\/"]}]},{"@type":"ImageObject","inLanguage":"es","@id":"https:\/\/repliquemangacine.fr\/80%e1%b5%89-anniversaire-du-debarquement\/#primaryimage","url":"https:\/\/repliquemangacine.fr\/wp-content\/uploads\/2024\/02\/80e-anniversaire-du-debarquement-1.jpg","contentUrl":"https:\/\/repliquemangacine.fr\/wp-content\/uploads\/2024\/02\/80e-anniversaire-du-debarquement-1.jpg","width":600,"height":300,"caption":"80e-anniversaire-du-d\u00e9barquement- blog"},{"@type":"BreadcrumbList","@id":"https:\/\/repliquemangacine.fr\/80%e1%b5%89-anniversaire-du-debarquement\/#breadcrumb","itemListElement":[{"@type":"ListItem","position":1,"name":"Accueil","item":"https:\/\/repliquemangacine.fr\/"},{"@type":"ListItem","position":2,"name":"80\u1d49 anniversaire du D\u00e9barquement de Normandie"}]},{"@type":"WebSite","@id":"https:\/\/repliquemangacine.fr\/#website","url":"https:\/\/repliquemangacine.fr\/","name":"R\u00e9plique Manga Cin\u00e9","description":"","publisher":{"@id":"https:\/\/repliquemangacine.fr\/#organization"},"potentialAction":[{"@type":"SearchAction","target":{"@type":"EntryPoint","urlTemplate":"https:\/\/repliquemangacine.fr\/?s={search_term_string}"},"query-input":{"@type":"PropertyValueSpecification","valueRequired":true,"valueName":"search_term_string"}}],"inLanguage":"es"},{"@type":"Organization","@id":"https:\/\/repliquemangacine.fr\/#organization","name":"R\u00e9plique Manga Cin\u00e9","url":"https:\/\/repliquemangacine.fr\/","logo":{"@type":"ImageObject","inLanguage":"es","@id":"https:\/\/repliquemangacine.fr\/#\/schema\/logo\/image\/","url":"https:\/\/repliquemangacine.fr\/wp-content\/uploads\/2023\/10\/RMC-500250.png","contentUrl":"https:\/\/repliquemangacine.fr\/wp-content\/uploads\/2023\/10\/RMC-500250.png","width":500,"height":250,"caption":"R\u00e9plique Manga Cin\u00e9"},"image":{"@id":"https:\/\/repliquemangacine.fr\/#\/schema\/logo\/image\/"},"sameAs":["https:\/\/www.facebook.com\/RepliqueMangaCine","https:\/\/www.instagram.com\/repliquemangacine.fr\/"]},{"@type":"Person","@id":"https:\/\/repliquemangacine.fr\/#\/schema\/person\/08aed5adc9a5f0461480af5bd8fda389","name":"coquizart RMC"}]}},"_links":{"self":[{"href":"https:\/\/repliquemangacine.fr\/es\/wp-json\/wp\/v2\/posts\/69071","targetHints":{"allow":["GET"]}}],"collection":[{"href":"https:\/\/repliquemangacine.fr\/es\/wp-json\/wp\/v2\/posts"}],"about":[{"href":"https:\/\/repliquemangacine.fr\/es\/wp-json\/wp\/v2\/types\/post"}],"author":[{"embeddable":true,"href":"https:\/\/repliquemangacine.fr\/es\/wp-json\/wp\/v2\/users\/7689"}],"replies":[{"embeddable":true,"href":"https:\/\/repliquemangacine.fr\/es\/wp-json\/wp\/v2\/comments?post=69071"}],"version-history":[{"count":1,"href":"https:\/\/repliquemangacine.fr\/es\/wp-json\/wp\/v2\/posts\/69071\/revisions"}],"predecessor-version":[{"id":96286,"href":"https:\/\/repliquemangacine.fr\/es\/wp-json\/wp\/v2\/posts\/69071\/revisions\/96286"}],"wp:featuredmedia":[{"embeddable":true,"href":"https:\/\/repliquemangacine.fr\/es\/wp-json\/wp\/v2\/media\/69154"}],"wp:attachment":[{"href":"https:\/\/repliquemangacine.fr\/es\/wp-json\/wp\/v2\/media?parent=69071"}],"wp:term":[{"taxonomy":"category","embeddable":true,"href":"https:\/\/repliquemangacine.fr\/es\/wp-json\/wp\/v2\/categories?post=69071"},{"taxonomy":"post_tag","embeddable":true,"href":"https:\/\/repliquemangacine.fr\/es\/wp-json\/wp\/v2\/tags?post=69071"}],"curies":[{"name":"wp","href":"https:\/\/api.w.org\/{rel}","templated":true}]}}