





{"id":74576,"date":"2024-09-14T20:36:24","date_gmt":"2024-09-14T18:36:24","guid":{"rendered":"https:\/\/repliquemangacine.fr\/?p=74576"},"modified":"2024-09-22T14:30:20","modified_gmt":"2024-09-22T12:30:20","slug":"der-krieg-der-rohirrim-zuruck-in-mittelerde","status":"publish","type":"post","link":"https:\/\/repliquemangacine.fr\/de\/la-guerre-des-rohirrim-retour-en-terre-du-milieu\/","title":{"rendered":"Der Krieg der Rohirrim: R\u00fcckkehr nach Mittelerde"},"content":{"rendered":"<p>Den Anfang macht \"Der Herr der Ringe: Der Krieg der Rohirrim\". Ein Animationsfilm, der am 11. Dezember 2024 in Frankreich erscheinen soll. Dieser neue Film versetzt uns weit vor die Ereignisse der ber\u00fchmten Trilogie. In eine Zeit, die vom Mut und den epischen Schlachten des Volkes von Rohan gepr\u00e4gt war.<\/p>\n<p>Die Geschichte spielt n\u00e4mlich fast 200 Jahre vor der uns bekannten Trilogie. W\u00e4hrend der Herrschaft von Helm Hammerhand, dem neunten K\u00f6nig von Rohan. Dieses Prequel erforscht einen Schl\u00fcsselmoment in der Geschichte Rohans: den Krieg gegen die Dunlendings. Ein Konflikt, der zur Entstehung von Helms Klamm f\u00fchrte, jener mythischen Festung im Herzen der Zwei T\u00fcrme.<\/p>\n<p>Inspiriert von den Anh\u00e4ngen des Buches \"Die R\u00fcckkehr des K\u00f6nigs\", in denen Tolkien faszinierende Details \u00fcber das Haus Eorl enth\u00fcllt. Wenn Sie neugierig darauf sind, mehr \u00fcber die Urspr\u00fcnge dieses Landes der legend\u00e4ren Reiter zu erfahren. Abschlie\u00dfend sei gesagt, dass der Krieg der Rohirrim Ihnen ein Spektakel bieten wird, das diesen Namen verdient.<\/p>\n<h2>1. Eine prestigetr\u00e4chtige Besetzung und eine R\u00fcckkehr zu den Wurzeln<\/h2>\n<p>\t\thttps:\/\/www.youtube.com\/watch?v=a_96wcHoJmA<\/p>\n<p>Zun\u00e4chst einmal ist die Sprecherbesetzung mit renommierten Schauspielern beeindruckend. Wie Brian Cox (Helm Hammerhand) und Miranda Otto, die ihre Rolle als \u00c9owyn wieder aufnimmt, um die Geschichte zu erz\u00e4hlen. Au\u00dferdem ist Peter Jackson zwar nicht an dem Projekt beteiligt. Viele Veteranen der Ring- und Hobbit-Trilogie, wie z. B. Philippa Boyens (stellvertretende Produzentin). \u00dcbrigens \u00fcbergibt Philippa Boyens die Leitung an ihre Tochter Phoebe Gittins. Sie wurde von ihrer Mutter am Set der beiden Trilogien von Peter Jackson erzogen. \"Wenn man in Rohan aufgewachsen ist, ist es einfacher, einen Film \u00fcber Rohan zu schreiben\", fasst der Produzent des Films, Jason DeMarco, zusammen.<\/p>\n<p>Die Animation, die von Kenji Kamiyama geleitet wird, vermischt verschiedene Techniken. Insbesondere traditionelle Animation und CGI, w\u00e4hrend er gleichzeitig aus der visuellen \u00c4sthetik der Originalfilme von Peter Jackson sch\u00f6pft. Kamiyama, der f\u00fcr seine Arbeit und seinen Stil bekannt ist, verspricht, die heroische und dramatische Essenz von Rohan einzufangen.<\/p>\n<p>Das technische Team des Spielfilms hat dar\u00fcber hinaus mehrere legend\u00e4re Pers\u00f6nlichkeiten aus Peter Jacksons Filmen zusammengebracht. Dazu geh\u00f6ren die Illustratoren John Howe und Alan Lee sowie der Spezialist f\u00fcr Spezialeffekte Richard Taylor.<\/p>\n<h2>2. Der Krieg der Rohirrim: Ein lang erwartetes Projekt<\/h2>\n<figure>\n\t\t\t\t\t\t\t\t\t\t<img fetchpriority=\"high\" decoding=\"async\" width=\"600\" height=\"300\" src=\"https:\/\/repliquemangacine.fr\/wp-content\/uploads\/2024\/09\/La-Guerre-des-Rohirrim.jpg\" alt=\"Der Krieg-der-Rohirrim Schlacht\" srcset=\"https:\/\/repliquemangacine.fr\/wp-content\/uploads\/2024\/09\/La-Guerre-des-Rohirrim.jpg 600w, https:\/\/repliquemangacine.fr\/wp-content\/uploads\/2024\/09\/La-Guerre-des-Rohirrim-300x150.jpg 300w, https:\/\/repliquemangacine.fr\/wp-content\/uploads\/2024\/09\/La-Guerre-des-Rohirrim-64x32.jpg 64w\" sizes=\"(max-width: 600px) 100vw, 600px\" \/><figcaption><\/figcaption><\/figure>\n<p>Dieses Animationsprojekt wurde f\u00fcr 2021 angek\u00fcndigt, w\u00e4hrend der Feierlichkeiten zum 20\u1d49 Jahrestag von Die Gemeinschaft des Rings. Man muss auch sagen, dass die Aufregung um den Film stetig gewachsen ist. Die ersten Bilder, die auf dem Filmfestival in Annecy 2023 enth\u00fcllt wurden, best\u00e4tigen die Gr\u00f6\u00dfe des Projekts.<\/p>\n<p>Andy Serkis, der ber\u00fchmte Darsteller von Gollum und anderen Figuren, wurde auf dem Animationsfilmfestival in Annecy vorgestellt. Der Krieg der Rohirrim, der Animationsfilm von Kenji Kamiyama, wird vorgestellt. Im \u00dcbrigen wurden fast 20 Minuten Ausschnitte w\u00e4hrend des Festivals gezeigt sowie eine sch\u00f6ne \u00dcberraschung f\u00fcr die Fans der Saga.<\/p>\n<p>Die Bilder von Entertainment Weekly zeigen, was uns erwartet, und das ist eine gute Gelegenheit, mehr dar\u00fcber zu erfahren. Es wurden verschiedene Animationstechniken verwendet. Sie reichen von CGI \u00fcber traditionelle 2D-Animation bis hin zu Performance-Capture-Techniken. Um den Realismus zu gew\u00e4hrleisten, haben die Animatoren des Films Pferde studiert und das Reiten ge\u00fcbt.<\/p>\n<h2>3. Entdecken Sie die Repliken der legend\u00e4ren Schwerter aus Mittelerde<br \/>\n<\/h2>\n<figure>\n\t\t\t\t\t\t\t\t\t\t<img decoding=\"async\" width=\"600\" height=\"300\" src=\"https:\/\/repliquemangacine.fr\/wp-content\/uploads\/2024\/09\/les-epees.jpg\" alt=\"Die Schwerter der Herr der Ringe\" srcset=\"https:\/\/repliquemangacine.fr\/wp-content\/uploads\/2024\/09\/les-epees.jpg 600w, https:\/\/repliquemangacine.fr\/wp-content\/uploads\/2024\/09\/les-epees-300x150.jpg 300w, https:\/\/repliquemangacine.fr\/wp-content\/uploads\/2024\/09\/les-epees-64x32.jpg 64w\" sizes=\"(max-width: 600px) 100vw, 600px\" \/><figcaption><\/figcaption><\/figure>\n<p>Anl\u00e4sslich der bevorstehenden Ver\u00f6ffentlichung des Animes \"Der Herr der Ringe: Der Krieg der Rohirrim\". Ein idealer Zeitpunkt, um erneut in Tolkiens legend\u00e4res Universum einzutauchen. Dieses Universum, das von epischen Schlachten, mutigen Helden und nat\u00fcrlich von legend\u00e4ren Waffen gepr\u00e4gt ist.<\/p>\n<p>Unter diesen Waffen nehmen Schwerter einen zentralen Platz ein, wie die majest\u00e4tische <a href=\"https:\/\/repliquemangacine.fr\/de\/schwerter-und-dolche-die-ringe-der-macht\/anduril-epee-aragorn-herr-der-ringe\/\">And\u00faril<\/a> am Ende des dritten Zeitalters neu geschmiedet. Das Schwert von Aragorns Vorfahren, K\u00f6nig Elendil.  Au\u00dferdem gibt es <a href=\"https:\/\/repliquemangacine.fr\/de\/herr-der-ringe-schwerter\/theoden-schwert-herugrim-schwert\/\">\u00a0Herugrim<\/a>die von K\u00f6nig Theoden geschwungen wurde. Sowie die<a href=\"https:\/\/repliquemangacine.fr\/de\/schwerter-the-hobbit\/gandalf-schwert-glamdring-der-herr-der-ringe\/\">Glamdring-Schwert<\/a> des Zauberers Gandalf. Au\u00dferdem muss man betonen, dass es das Schwesterschwert des<a href=\"https:\/\/repliquemangacine.fr\/de\/schwerter-the-hobbit\/orcrist-schwert-thorin-schwert\/\">Orcrist<\/a> in Der Hobbit. Nicht zu vergessen Frodos Schwert Dard und noch viel mehr, das es zu entdecken gilt.<\/p>\n<p>Fazit: Wenn Sie von diesen Symbolen der Macht und des Mutes fasziniert sind. Mit unserer Sammlung von Schwertern aus dem Herrn der Ringe k\u00f6nnen Sie ein St\u00fcck dieser Legende besitzen. Perfekt f\u00fcr jeden Sammler oder Fan des Universums von Mittelerde.<\/p>\n<h2>4. Warum der Rohirrim-Krieg ein unverzichtbarer Film ist<\/h2>\n<figure>\n\t\t\t\t\t\t\t\t\t\t<img decoding=\"async\" width=\"600\" height=\"300\" src=\"https:\/\/repliquemangacine.fr\/wp-content\/uploads\/2024\/09\/La-Guerre-des-Rohirrim-hera.jpg\" alt=\"Der Krieg-der-Rohirrim hera\" srcset=\"https:\/\/repliquemangacine.fr\/wp-content\/uploads\/2024\/09\/La-Guerre-des-Rohirrim-hera.jpg 600w, https:\/\/repliquemangacine.fr\/wp-content\/uploads\/2024\/09\/La-Guerre-des-Rohirrim-hera-300x150.jpg 300w, https:\/\/repliquemangacine.fr\/wp-content\/uploads\/2024\/09\/La-Guerre-des-Rohirrim-hera-64x32.jpg 64w\" sizes=\"(max-width: 600px) 100vw, 600px\" \/><figcaption><\/figcaption><\/figure>\n<p>An erster Stelle steht die R\u00fcckkehr nach Mittelerde in animierter Form. Erm\u00f6glicht die Erkundung von Aspekten, die in den vorherigen Filmen nur selten angesprochen wurden. Au\u00dferdem hat der Regisseur <a href=\"https:\/\/fr.wikipedia.org\/wiki\/Kenji_Kamiyama\" target=\"_blank\" rel=\"noopener noreferrer\">Kamiyama<\/a> erkl\u00e4rte: <em>Nach dem Anruf von Warner dachte ich zun\u00e4chst, dass es unm\u00f6glich sein w\u00fcrde. Unm\u00f6glich, diese Art von Geschichten zu realisieren. Unm\u00f6glich, sie mit Handanimation zu machen. Zu viele Pferde, zu viele Details, zu viele Charaktere! Ich war kurz davor, abzulehnen, aber dann sagte ich mir, dass man so eine Chance nur einmal im Leben bekommt. Ich musste das Risiko eingehen.  \"Dieser Film war von Anfang an ein Sprung ins Leere. Wir haben ihn aus Liebe zu diesem Universum und zu dieser Welt gemacht. Jedes Mal, wenn wir zweifelten, jedes Mal, wenn wir verloren waren. Da war Tolkien und da war Philippa, ihr wunderbares Drehbuch und ihre fabelhaften Charaktere. Der Film war eine Reise ins Ungewisse. Sich vorzustellen, dass er zu Weihnachten in die Kinos kommen soll, erscheint mir unglaublich. Wir haben einen Krieg gef\u00fchrt, und dieser Krieg wird bald zu Ende gehen. Wir hoffen, dass Sie dar\u00fcber urteilen werden, dass wir siegreich daraus hervorgegangen sind\".<\/em><\/p>\n<p>\u00a0<\/p>","protected":false},"excerpt":{"rendered":"<p>Pour commencer, Le Seigneur des Anneaux : La Guerre des Rohirrim&#8221;. Un film d&#8217;animation pr\u00e9vu pour le 11 d\u00e9cembre 2024 en France. Ce nouvel opus nous plonge bien avant les \u00e9v\u00e9nements de la c\u00e9l\u00e8bre trilogie. Dans une \u00e9poque marqu\u00e9e par le courage et les batailles \u00e9piques du peuple du Rohan. En effet, l&#8217;histoire se d\u00e9roule [&hellip;]<\/p>\n","protected":false},"author":7689,"featured_media":74765,"comment_status":"closed","ping_status":"closed","sticky":false,"template":"","format":"standard","meta":{"footnotes":""},"categories":[840],"tags":[],"class_list":["post-74576","post","type-post","status-publish","format-standard","has-post-thumbnail","hentry","category-evenements"],"yoast_head":"<!-- This site is optimized with the Yoast SEO plugin v27.5 - https:\/\/yoast.com\/product\/yoast-seo-wordpress\/ -->\n<title>La Guerre des Rohirrim : Retour en Terre du Milieu<\/title>\n<meta name=\"description\" content=\"Tout savoir sur La Guerre des Rohirrim : Retour en Terre du Milieu avec un pr\u00e9quel \u00e9pique ! Pr\u00e9parez-vous \u00e0 revivre la magie de cet univers\" \/>\n<meta name=\"robots\" content=\"index, follow, max-snippet:-1, max-image-preview:large, max-video-preview:-1\" \/>\n<link rel=\"canonical\" href=\"https:\/\/repliquemangacine.fr\/de\/der-krieg-der-rohirrim-zuruck-in-mittelerde\/\" \/>\n<meta property=\"og:locale\" content=\"de_DE\" \/>\n<meta property=\"og:type\" content=\"article\" \/>\n<meta property=\"og:title\" content=\"La Guerre des Rohirrim : Retour en Terre du Milieu\" \/>\n<meta property=\"og:description\" content=\"Tout savoir sur La Guerre des Rohirrim : Retour en Terre du Milieu avec un pr\u00e9quel \u00e9pique ! Pr\u00e9parez-vous \u00e0 revivre la magie de cet univers\" \/>\n<meta property=\"og:url\" content=\"https:\/\/repliquemangacine.fr\/de\/der-krieg-der-rohirrim-zuruck-in-mittelerde\/\" \/>\n<meta property=\"og:site_name\" content=\"R\u00e9plique Manga Cin\u00e9\" \/>\n<meta property=\"article:publisher\" content=\"https:\/\/www.facebook.com\/RepliqueMangaCine\" \/>\n<meta property=\"article:published_time\" content=\"2024-09-14T18:36:24+00:00\" \/>\n<meta property=\"article:modified_time\" content=\"2024-09-22T12:30:20+00:00\" \/>\n<meta property=\"og:image\" content=\"https:\/\/repliquemangacine.fr\/wp-content\/uploads\/2024\/09\/vignette.jpg\" \/>\n\t<meta property=\"og:image:width\" content=\"600\" \/>\n\t<meta property=\"og:image:height\" content=\"300\" \/>\n\t<meta property=\"og:image:type\" content=\"image\/jpeg\" \/>\n<meta name=\"author\" content=\"coquizart RMC\" \/>\n<meta name=\"twitter:card\" content=\"summary_large_image\" \/>\n<meta name=\"twitter:label1\" content=\"Verfasst von\" \/>\n\t<meta name=\"twitter:data1\" content=\"coquizart RMC\" \/>\n\t<meta name=\"twitter:label2\" content=\"Gesch\u00e4tzte Lesezeit\" \/>\n\t<meta name=\"twitter:data2\" content=\"6\u00a0Minuten\" \/>\n<script type=\"application\/ld+json\" class=\"yoast-schema-graph\">{\"@context\":\"https:\\\/\\\/schema.org\",\"@graph\":[{\"@type\":[\"Article\",\"BlogPosting\"],\"@id\":\"https:\\\/\\\/repliquemangacine.fr\\\/la-guerre-des-rohirrim-retour-en-terre-du-milieu\\\/#article\",\"isPartOf\":{\"@id\":\"https:\\\/\\\/repliquemangacine.fr\\\/la-guerre-des-rohirrim-retour-en-terre-du-milieu\\\/\"},\"author\":{\"name\":\"coquizart RMC\",\"@id\":\"https:\\\/\\\/repliquemangacine.fr\\\/#\\\/schema\\\/person\\\/08aed5adc9a5f0461480af5bd8fda389\"},\"headline\":\"La Guerre des Rohirrim : Retour en Terre du Milieu\",\"datePublished\":\"2024-09-14T18:36:24+00:00\",\"dateModified\":\"2024-09-22T12:30:20+00:00\",\"mainEntityOfPage\":{\"@id\":\"https:\\\/\\\/repliquemangacine.fr\\\/la-guerre-des-rohirrim-retour-en-terre-du-milieu\\\/\"},\"wordCount\":1007,\"publisher\":{\"@id\":\"https:\\\/\\\/repliquemangacine.fr\\\/#organization\"},\"image\":{\"@id\":\"https:\\\/\\\/repliquemangacine.fr\\\/la-guerre-des-rohirrim-retour-en-terre-du-milieu\\\/#primaryimage\"},\"thumbnailUrl\":\"https:\\\/\\\/repliquemangacine.fr\\\/wp-content\\\/uploads\\\/2024\\\/09\\\/vignette.jpg\",\"articleSection\":[\"Ev\u00e8nements\"],\"inLanguage\":\"de\"},{\"@type\":\"WebPage\",\"@id\":\"https:\\\/\\\/repliquemangacine.fr\\\/la-guerre-des-rohirrim-retour-en-terre-du-milieu\\\/\",\"url\":\"https:\\\/\\\/repliquemangacine.fr\\\/la-guerre-des-rohirrim-retour-en-terre-du-milieu\\\/\",\"name\":\"La Guerre des Rohirrim : Retour en Terre du Milieu\",\"isPartOf\":{\"@id\":\"https:\\\/\\\/repliquemangacine.fr\\\/#website\"},\"primaryImageOfPage\":{\"@id\":\"https:\\\/\\\/repliquemangacine.fr\\\/la-guerre-des-rohirrim-retour-en-terre-du-milieu\\\/#primaryimage\"},\"image\":{\"@id\":\"https:\\\/\\\/repliquemangacine.fr\\\/la-guerre-des-rohirrim-retour-en-terre-du-milieu\\\/#primaryimage\"},\"thumbnailUrl\":\"https:\\\/\\\/repliquemangacine.fr\\\/wp-content\\\/uploads\\\/2024\\\/09\\\/vignette.jpg\",\"datePublished\":\"2024-09-14T18:36:24+00:00\",\"dateModified\":\"2024-09-22T12:30:20+00:00\",\"description\":\"Tout savoir sur La Guerre des Rohirrim : Retour en Terre du Milieu avec un pr\u00e9quel \u00e9pique ! Pr\u00e9parez-vous \u00e0 revivre la magie de cet univers\",\"breadcrumb\":{\"@id\":\"https:\\\/\\\/repliquemangacine.fr\\\/la-guerre-des-rohirrim-retour-en-terre-du-milieu\\\/#breadcrumb\"},\"inLanguage\":\"de\",\"potentialAction\":[{\"@type\":\"ReadAction\",\"target\":[\"https:\\\/\\\/repliquemangacine.fr\\\/la-guerre-des-rohirrim-retour-en-terre-du-milieu\\\/\"]}]},{\"@type\":\"ImageObject\",\"inLanguage\":\"de\",\"@id\":\"https:\\\/\\\/repliquemangacine.fr\\\/la-guerre-des-rohirrim-retour-en-terre-du-milieu\\\/#primaryimage\",\"url\":\"https:\\\/\\\/repliquemangacine.fr\\\/wp-content\\\/uploads\\\/2024\\\/09\\\/vignette.jpg\",\"contentUrl\":\"https:\\\/\\\/repliquemangacine.fr\\\/wp-content\\\/uploads\\\/2024\\\/09\\\/vignette.jpg\",\"width\":600,\"height\":300,\"caption\":\"The War of the Rohirrim\"},{\"@type\":\"BreadcrumbList\",\"@id\":\"https:\\\/\\\/repliquemangacine.fr\\\/la-guerre-des-rohirrim-retour-en-terre-du-milieu\\\/#breadcrumb\",\"itemListElement\":[{\"@type\":\"ListItem\",\"position\":1,\"name\":\"Accueil\",\"item\":\"https:\\\/\\\/repliquemangacine.fr\\\/\"},{\"@type\":\"ListItem\",\"position\":2,\"name\":\"La Guerre des Rohirrim : Retour en Terre du Milieu\"}]},{\"@type\":\"WebSite\",\"@id\":\"https:\\\/\\\/repliquemangacine.fr\\\/#website\",\"url\":\"https:\\\/\\\/repliquemangacine.fr\\\/\",\"name\":\"R\u00e9plique Manga Cin\u00e9\",\"description\":\"\",\"publisher\":{\"@id\":\"https:\\\/\\\/repliquemangacine.fr\\\/#organization\"},\"potentialAction\":[{\"@type\":\"SearchAction\",\"target\":{\"@type\":\"EntryPoint\",\"urlTemplate\":\"https:\\\/\\\/repliquemangacine.fr\\\/?s={search_term_string}\"},\"query-input\":{\"@type\":\"PropertyValueSpecification\",\"valueRequired\":true,\"valueName\":\"search_term_string\"}}],\"inLanguage\":\"de\"},{\"@type\":\"Organization\",\"@id\":\"https:\\\/\\\/repliquemangacine.fr\\\/#organization\",\"name\":\"R\u00e9plique Manga Cin\u00e9\",\"url\":\"https:\\\/\\\/repliquemangacine.fr\\\/\",\"logo\":{\"@type\":\"ImageObject\",\"inLanguage\":\"de\",\"@id\":\"https:\\\/\\\/repliquemangacine.fr\\\/#\\\/schema\\\/logo\\\/image\\\/\",\"url\":\"https:\\\/\\\/repliquemangacine.fr\\\/wp-content\\\/uploads\\\/2023\\\/10\\\/RMC-500250.png\",\"contentUrl\":\"https:\\\/\\\/repliquemangacine.fr\\\/wp-content\\\/uploads\\\/2023\\\/10\\\/RMC-500250.png\",\"width\":500,\"height\":250,\"caption\":\"R\u00e9plique Manga Cin\u00e9\"},\"image\":{\"@id\":\"https:\\\/\\\/repliquemangacine.fr\\\/#\\\/schema\\\/logo\\\/image\\\/\"},\"sameAs\":[\"https:\\\/\\\/www.facebook.com\\\/RepliqueMangaCine\",\"https:\\\/\\\/www.instagram.com\\\/repliquemangacine.fr\\\/\"]},{\"@type\":\"Person\",\"@id\":\"https:\\\/\\\/repliquemangacine.fr\\\/#\\\/schema\\\/person\\\/08aed5adc9a5f0461480af5bd8fda389\",\"name\":\"coquizart RMC\"}]}<\/script>\n<!-- \/ Yoast SEO plugin. -->","yoast_head_json":{"title":"Der Krieg der Rohirrim: R\u00fcckkehr nach Mittelerde","description":"Alles \u00fcber Der Krieg der Rohirrim: R\u00fcckkehr nach Mittelerde mit einem epischen Prequel! Machen Sie sich bereit, die Magie dieser Welt erneut zu erleben","robots":{"index":"index","follow":"follow","max-snippet":"max-snippet:-1","max-image-preview":"max-image-preview:large","max-video-preview":"max-video-preview:-1"},"canonical":"https:\/\/repliquemangacine.fr\/de\/der-krieg-der-rohirrim-zuruck-in-mittelerde\/","og_locale":"de_DE","og_type":"article","og_title":"La Guerre des Rohirrim : Retour en Terre du Milieu","og_description":"Tout savoir sur La Guerre des Rohirrim : Retour en Terre du Milieu avec un pr\u00e9quel \u00e9pique ! Pr\u00e9parez-vous \u00e0 revivre la magie de cet univers","og_url":"https:\/\/repliquemangacine.fr\/de\/der-krieg-der-rohirrim-zuruck-in-mittelerde\/","og_site_name":"R\u00e9plique Manga Cin\u00e9","article_publisher":"https:\/\/www.facebook.com\/RepliqueMangaCine","article_published_time":"2024-09-14T18:36:24+00:00","article_modified_time":"2024-09-22T12:30:20+00:00","og_image":[{"width":600,"height":300,"url":"https:\/\/repliquemangacine.fr\/wp-content\/uploads\/2024\/09\/vignette.jpg","type":"image\/jpeg"}],"author":"coquizart RMC","twitter_card":"summary_large_image","twitter_misc":{"Verfasst von":"coquizart RMC","Gesch\u00e4tzte Lesezeit":"6\u00a0Minuten"},"schema":{"@context":"https:\/\/schema.org","@graph":[{"@type":["Article","BlogPosting"],"@id":"https:\/\/repliquemangacine.fr\/la-guerre-des-rohirrim-retour-en-terre-du-milieu\/#article","isPartOf":{"@id":"https:\/\/repliquemangacine.fr\/la-guerre-des-rohirrim-retour-en-terre-du-milieu\/"},"author":{"name":"coquizart RMC","@id":"https:\/\/repliquemangacine.fr\/#\/schema\/person\/08aed5adc9a5f0461480af5bd8fda389"},"headline":"La Guerre des Rohirrim : Retour en Terre du Milieu","datePublished":"2024-09-14T18:36:24+00:00","dateModified":"2024-09-22T12:30:20+00:00","mainEntityOfPage":{"@id":"https:\/\/repliquemangacine.fr\/la-guerre-des-rohirrim-retour-en-terre-du-milieu\/"},"wordCount":1007,"publisher":{"@id":"https:\/\/repliquemangacine.fr\/#organization"},"image":{"@id":"https:\/\/repliquemangacine.fr\/la-guerre-des-rohirrim-retour-en-terre-du-milieu\/#primaryimage"},"thumbnailUrl":"https:\/\/repliquemangacine.fr\/wp-content\/uploads\/2024\/09\/vignette.jpg","articleSection":["Ev\u00e8nements"],"inLanguage":"de"},{"@type":"WebPage","@id":"https:\/\/repliquemangacine.fr\/la-guerre-des-rohirrim-retour-en-terre-du-milieu\/","url":"https:\/\/repliquemangacine.fr\/la-guerre-des-rohirrim-retour-en-terre-du-milieu\/","name":"Der Krieg der Rohirrim: R\u00fcckkehr nach Mittelerde","isPartOf":{"@id":"https:\/\/repliquemangacine.fr\/#website"},"primaryImageOfPage":{"@id":"https:\/\/repliquemangacine.fr\/la-guerre-des-rohirrim-retour-en-terre-du-milieu\/#primaryimage"},"image":{"@id":"https:\/\/repliquemangacine.fr\/la-guerre-des-rohirrim-retour-en-terre-du-milieu\/#primaryimage"},"thumbnailUrl":"https:\/\/repliquemangacine.fr\/wp-content\/uploads\/2024\/09\/vignette.jpg","datePublished":"2024-09-14T18:36:24+00:00","dateModified":"2024-09-22T12:30:20+00:00","description":"Alles \u00fcber Der Krieg der Rohirrim: R\u00fcckkehr nach Mittelerde mit einem epischen Prequel! Machen Sie sich bereit, die Magie dieser Welt erneut zu erleben","breadcrumb":{"@id":"https:\/\/repliquemangacine.fr\/la-guerre-des-rohirrim-retour-en-terre-du-milieu\/#breadcrumb"},"inLanguage":"de","potentialAction":[{"@type":"ReadAction","target":["https:\/\/repliquemangacine.fr\/la-guerre-des-rohirrim-retour-en-terre-du-milieu\/"]}]},{"@type":"ImageObject","inLanguage":"de","@id":"https:\/\/repliquemangacine.fr\/la-guerre-des-rohirrim-retour-en-terre-du-milieu\/#primaryimage","url":"https:\/\/repliquemangacine.fr\/wp-content\/uploads\/2024\/09\/vignette.jpg","contentUrl":"https:\/\/repliquemangacine.fr\/wp-content\/uploads\/2024\/09\/vignette.jpg","width":600,"height":300,"caption":"The War of the Rohirrim"},{"@type":"BreadcrumbList","@id":"https:\/\/repliquemangacine.fr\/la-guerre-des-rohirrim-retour-en-terre-du-milieu\/#breadcrumb","itemListElement":[{"@type":"ListItem","position":1,"name":"Accueil","item":"https:\/\/repliquemangacine.fr\/"},{"@type":"ListItem","position":2,"name":"La Guerre des Rohirrim : Retour en Terre du Milieu"}]},{"@type":"WebSite","@id":"https:\/\/repliquemangacine.fr\/#website","url":"https:\/\/repliquemangacine.fr\/","name":"R\u00e9plique Manga Cin\u00e9","description":"","publisher":{"@id":"https:\/\/repliquemangacine.fr\/#organization"},"potentialAction":[{"@type":"SearchAction","target":{"@type":"EntryPoint","urlTemplate":"https:\/\/repliquemangacine.fr\/?s={search_term_string}"},"query-input":{"@type":"PropertyValueSpecification","valueRequired":true,"valueName":"search_term_string"}}],"inLanguage":"de"},{"@type":"Organization","@id":"https:\/\/repliquemangacine.fr\/#organization","name":"R\u00e9plique Manga Cin\u00e9","url":"https:\/\/repliquemangacine.fr\/","logo":{"@type":"ImageObject","inLanguage":"de","@id":"https:\/\/repliquemangacine.fr\/#\/schema\/logo\/image\/","url":"https:\/\/repliquemangacine.fr\/wp-content\/uploads\/2023\/10\/RMC-500250.png","contentUrl":"https:\/\/repliquemangacine.fr\/wp-content\/uploads\/2023\/10\/RMC-500250.png","width":500,"height":250,"caption":"R\u00e9plique Manga Cin\u00e9"},"image":{"@id":"https:\/\/repliquemangacine.fr\/#\/schema\/logo\/image\/"},"sameAs":["https:\/\/www.facebook.com\/RepliqueMangaCine","https:\/\/www.instagram.com\/repliquemangacine.fr\/"]},{"@type":"Person","@id":"https:\/\/repliquemangacine.fr\/#\/schema\/person\/08aed5adc9a5f0461480af5bd8fda389","name":"coquizart RMC"}]}},"_links":{"self":[{"href":"https:\/\/repliquemangacine.fr\/de\/wp-json\/wp\/v2\/posts\/74576","targetHints":{"allow":["GET"]}}],"collection":[{"href":"https:\/\/repliquemangacine.fr\/de\/wp-json\/wp\/v2\/posts"}],"about":[{"href":"https:\/\/repliquemangacine.fr\/de\/wp-json\/wp\/v2\/types\/post"}],"author":[{"embeddable":true,"href":"https:\/\/repliquemangacine.fr\/de\/wp-json\/wp\/v2\/users\/7689"}],"replies":[{"embeddable":true,"href":"https:\/\/repliquemangacine.fr\/de\/wp-json\/wp\/v2\/comments?post=74576"}],"version-history":[{"count":5,"href":"https:\/\/repliquemangacine.fr\/de\/wp-json\/wp\/v2\/posts\/74576\/revisions"}],"predecessor-version":[{"id":82666,"href":"https:\/\/repliquemangacine.fr\/de\/wp-json\/wp\/v2\/posts\/74576\/revisions\/82666"}],"wp:featuredmedia":[{"embeddable":true,"href":"https:\/\/repliquemangacine.fr\/de\/wp-json\/wp\/v2\/media\/74765"}],"wp:attachment":[{"href":"https:\/\/repliquemangacine.fr\/de\/wp-json\/wp\/v2\/media?parent=74576"}],"wp:term":[{"taxonomy":"category","embeddable":true,"href":"https:\/\/repliquemangacine.fr\/de\/wp-json\/wp\/v2\/categories?post=74576"},{"taxonomy":"post_tag","embeddable":true,"href":"https:\/\/repliquemangacine.fr\/de\/wp-json\/wp\/v2\/tags?post=74576"}],"curies":[{"name":"wp","href":"https:\/\/api.w.org\/{rel}","templated":true}]}}