





{"id":69818,"date":"2024-03-02T20:02:24","date_gmt":"2024-03-02T19:02:24","guid":{"rendered":"https:\/\/repliquemangacine.fr\/?p=69818"},"modified":"2024-03-09T14:57:23","modified_gmt":"2024-03-09T13:57:23","slug":"die-ringe-der-macht-saison-2","status":"publish","type":"post","link":"https:\/\/repliquemangacine.fr\/de\/les-anneaux-de-pouvoir-saison-2\/","title":{"rendered":"\"Die Ringe der Macht\" Staffel 2"},"content":{"rendered":"<div data-elementor-type=\"wp-post\" data-elementor-id=\"69818\" class=\"elementor elementor-69818\" data-elementor-post-type=\"post\">\n\t\t\t\t\t\t<section class=\"elementor-section elementor-top-section elementor-element elementor-element-5d654018 elementor-section-boxed elementor-section-height-default elementor-section-height-default\" data-id=\"5d654018\" data-element_type=\"section\" data-e-type=\"section\">\n\t\t\t\t\t\t<div class=\"elementor-container elementor-column-gap-default\">\n\t\t\t\t\t<div class=\"elementor-column elementor-col-100 elementor-top-column elementor-element elementor-element-dbf6ea6\" data-id=\"dbf6ea6\" data-element_type=\"column\" data-e-type=\"column\">\n\t\t\t<div class=\"elementor-widget-wrap elementor-element-populated\">\n\t\t\t\t\t\t<div class=\"elementor-element elementor-element-21164e9a elementor-widget elementor-widget-theme-post-title elementor-page-title elementor-widget-heading\" data-id=\"21164e9a\" data-element_type=\"widget\" data-e-type=\"widget\" data-widget_type=\"theme-post-title.default\">\n\t\t\t\t<div class=\"elementor-widget-container\">\n\t\t\t\t\t<h1 class=\"elementor-heading-title elementor-size-default\">\"Die Ringe der Macht\" Staffel 2<\/h1>\t\t\t\t<\/div>\n\t\t\t\t<\/div>\n\t\t\t\t<div class=\"elementor-element elementor-element-675b7a72 elementor-widget elementor-widget-image\" data-id=\"675b7a72\" data-element_type=\"widget\" data-e-type=\"widget\" data-widget_type=\"image.default\">\n\t\t\t\t<div class=\"elementor-widget-container\">\n\t\t\t\t\t\t\t\t\t\t\t\t\t\t\t<img fetchpriority=\"high\" decoding=\"async\" width=\"600\" height=\"300\" src=\"https:\/\/repliquemangacine.fr\/wp-content\/uploads\/2024\/03\/Les-Anneaux-de-Pouvoir-Saison-2.jpg\" class=\"attachment-large size-large wp-image-69819\" alt=\"&quot;Die Ringe der Macht&quot; Staffel 2\" srcset=\"https:\/\/repliquemangacine.fr\/wp-content\/uploads\/2024\/03\/Les-Anneaux-de-Pouvoir-Saison-2.jpg 600w, https:\/\/repliquemangacine.fr\/wp-content\/uploads\/2024\/03\/Les-Anneaux-de-Pouvoir-Saison-2-300x150.jpg 300w, https:\/\/repliquemangacine.fr\/wp-content\/uploads\/2024\/03\/Les-Anneaux-de-Pouvoir-Saison-2-64x32.jpg 64w\" sizes=\"(max-width: 600px) 100vw, 600px\" \/>\t\t\t\t\t\t\t\t\t\t\t\t\t\t\t<\/div>\n\t\t\t\t<\/div>\n\t\t\t\t<div class=\"elementor-element elementor-element-746fe9c4 elementor-widget elementor-widget-text-editor\" data-id=\"746fe9c4\" data-element_type=\"widget\" data-e-type=\"widget\" data-widget_type=\"text-editor.default\">\n\t\t\t\t<div class=\"elementor-widget-container\">\n\t\t\t\t\t\t\t\t\t<p>Die zweite Staffel von \"Der Herr der Ringe: Ringe der Macht\" auf Prime Video verspricht eine F\u00fclle von Entwicklungen und \u00dcberraschungen, die sich nahtlos an die Mythologie von Mittelerde anschlie\u00dft.<\/p>\t\t\t\t\t\t\t\t<\/div>\n\t\t\t\t<\/div>\n\t\t\t\t\t<\/div>\n\t\t<\/div>\n\t\t\t\t\t<\/div>\n\t\t<\/section>\n\t\t\t\t<section class=\"elementor-section elementor-top-section elementor-element elementor-element-367d4027 elementor-section-boxed elementor-section-height-default elementor-section-height-default\" data-id=\"367d4027\" data-element_type=\"section\" data-e-type=\"section\">\n\t\t\t\t\t\t<div class=\"elementor-container elementor-column-gap-default\">\n\t\t\t\t\t<div class=\"elementor-column elementor-col-100 elementor-top-column elementor-element elementor-element-58868a9e\" data-id=\"58868a9e\" data-element_type=\"column\" data-e-type=\"column\">\n\t\t\t<div class=\"elementor-widget-wrap elementor-element-populated\">\n\t\t\t\t\t\t<div class=\"elementor-element elementor-element-18509a31 elementor-widget elementor-widget-heading\" data-id=\"18509a31\" data-element_type=\"widget\" data-e-type=\"widget\" data-widget_type=\"heading.default\">\n\t\t\t\t<div class=\"elementor-widget-container\">\n\t\t\t\t\t<h2 class=\"elementor-heading-title elementor-size-default\">1. Eine R\u00fcckkehr nach Mittelerde<\/h2>\t\t\t\t<\/div>\n\t\t\t\t<\/div>\n\t\t\t\t<div class=\"elementor-element elementor-element-7b69781 elementor-widget elementor-widget-video\" data-id=\"7b69781\" data-element_type=\"widget\" data-e-type=\"widget\" data-settings=\"{&quot;youtube_url&quot;:&quot;https:\\\/\\\/www.youtube.com\\\/watch?v=igYOjtB5tqo&quot;,&quot;video_type&quot;:&quot;youtube&quot;,&quot;controls&quot;:&quot;yes&quot;}\" data-widget_type=\"video.default\">\n\t\t\t\t<div class=\"elementor-widget-container\">\n\t\t\t\t\t\t\t<div class=\"elementor-wrapper elementor-open-inline\">\n\t\t\t<div class=\"elementor-video\"><\/div>\t\t<\/div>\n\t\t\t\t\t\t<\/div>\n\t\t\t\t<\/div>\n\t\t\t\t<div class=\"elementor-element elementor-element-2a6b26b6 elementor-widget elementor-widget-text-editor\" data-id=\"2a6b26b6\" data-element_type=\"widget\" data-e-type=\"widget\" data-widget_type=\"text-editor.default\">\n\t\t\t\t<div class=\"elementor-widget-container\">\n\t\t\t\t\t\t\t\t\t<p>Mittelerde bereitet sich wieder einmal darauf vor, seine Tore f\u00fcr die Fans zu \u00f6ffnen, denn die Ver\u00f6ffentlichung der zweiten Staffel von \"Der Herr der Ringe: Die Ringe der Macht\" steht unmittelbar bevor.<\/p><p>Nach einer ersten Staffel, die den Grundstein f\u00fcr eine Welt voller Magie, Konflikte und heroischer Quests legte. Wir boten ein Staffelfinale auf spektakul\u00e4re Weise. Wir erfuhren n\u00e4mlich, wer Sauron und der Fremde wirklich waren.<\/p><p>Staffel noch nicht offiziell von prime Video enth\u00fcllt wurde, ist das Datum der Ver\u00f6ffentlichung noch nicht bekannt. Die Chefin von Amazon Studios, Jennifer Salke, deutete an, dass eine schnellere Rotation stattfindet und dass Schnelligkeit f\u00fcr die neue Staffel von entscheidender Bedeutung ist. \"Wir werden sie so schnell wie m\u00f6glich ausstrahlen\", sagte Jennifer Salke gegen\u00fcber Variety. Offensichtlich k\u00f6nnte dies bedeuten, dass die Serie Mitte 2024 ausgestrahlt werden w\u00fcrde.<\/p><p>Die neue Staffel verspricht, die Handlungsstr\u00e4nge zu vertiefen und die Charaktere, die wir kennen und lieben gelernt haben, weiterzuentwickeln. Die Zuschauer k\u00f6nnen sich auf ein Wiedersehen mit Galadriel, Elrond und vielen anderen ikonischen Figuren freuen. Ebenso wie neue Gesichter, die sich diesem epischen Abenteuer anschlie\u00dfen werden.<\/p>\t\t\t\t\t\t\t\t<\/div>\n\t\t\t\t<\/div>\n\t\t\t\t\t<\/div>\n\t\t<\/div>\n\t\t\t\t\t<\/div>\n\t\t<\/section>\n\t\t\t\t<section class=\"elementor-section elementor-top-section elementor-element elementor-element-2e23196c elementor-section-boxed elementor-section-height-default elementor-section-height-default\" data-id=\"2e23196c\" data-element_type=\"section\" data-e-type=\"section\">\n\t\t\t\t\t\t<div class=\"elementor-container elementor-column-gap-default\">\n\t\t\t\t\t<div class=\"elementor-column elementor-col-100 elementor-top-column elementor-element elementor-element-fa24ae4\" data-id=\"fa24ae4\" data-element_type=\"column\" data-e-type=\"column\">\n\t\t\t<div class=\"elementor-widget-wrap elementor-element-populated\">\n\t\t\t\t\t\t<div class=\"elementor-element elementor-element-7abb1a44 elementor-widget elementor-widget-heading\" data-id=\"7abb1a44\" data-element_type=\"widget\" data-e-type=\"widget\" data-widget_type=\"heading.default\">\n\t\t\t\t<div class=\"elementor-widget-container\">\n\t\t\t\t\t<h2 class=\"elementor-heading-title elementor-size-default\">2. Die Ringe der Macht: Eine legend\u00e4re Besetzung<\/h2>\t\t\t\t<\/div>\n\t\t\t\t<\/div>\n\t\t\t\t<div class=\"elementor-element elementor-element-57281da3 elementor-widget elementor-widget-image\" data-id=\"57281da3\" data-element_type=\"widget\" data-e-type=\"widget\" data-widget_type=\"image.default\">\n\t\t\t\t<div class=\"elementor-widget-container\">\n\t\t\t\t\t\t\t\t\t\t\t\t<figure class=\"wp-caption\">\n\t\t\t\t\t\t\t\t\t\t<img decoding=\"async\" width=\"600\" height=\"300\" src=\"https:\/\/repliquemangacine.fr\/wp-content\/uploads\/2024\/03\/Les-anneaux-de-Pouvoir.jpg\" class=\"attachment-large size-large wp-image-69832\" alt=\"Die Ringe der Macht\" srcset=\"https:\/\/repliquemangacine.fr\/wp-content\/uploads\/2024\/03\/Les-anneaux-de-Pouvoir.jpg 600w, https:\/\/repliquemangacine.fr\/wp-content\/uploads\/2024\/03\/Les-anneaux-de-Pouvoir-300x150.jpg 300w, https:\/\/repliquemangacine.fr\/wp-content\/uploads\/2024\/03\/Les-anneaux-de-Pouvoir-64x32.jpg 64w\" sizes=\"(max-width: 600px) 100vw, 600px\" \/>\t\t\t\t\t\t\t\t\t\t\t<figcaption class=\"widget-image-caption wp-caption-text\"><\/figcaption>\n\t\t\t\t\t\t\t\t\t\t<\/figure>\n\t\t\t\t\t\t\t\t\t<\/div>\n\t\t\t\t<\/div>\n\t\t\t\t<div class=\"elementor-element elementor-element-2ab9660e elementor-widget elementor-widget-text-editor\" data-id=\"2ab9660e\" data-element_type=\"widget\" data-e-type=\"widget\" data-widget_type=\"text-editor.default\">\n\t\t\t\t<div class=\"elementor-widget-container\">\n\t\t\t\t\t\t\t\t\t<p>Die St\u00e4rke von \"Die Ringe der Macht\" liegt nicht nur in seiner fesselnden Geschichte, sondern auch in seiner au\u00dfergew\u00f6hnlichen Besetzung. Mit einer Mischung aus vertrauten Gesichtern und neuen Talenten. Die R\u00fcckkehr beliebter Charaktere wie Galadriel, gespielt von <a href=\"https:\/\/lotr.fandom.com\/fr\/wiki\/Morfydd_Clark\">Morfydd Clark<\/a>und Elrond, der von Robert Aramayo gespielt wird. Charlie Vickers wird ebenfalls als Sauron zur\u00fcckkehren. Ebenso wie die Elben Gil-galad (Benjamin Walker), Celebrimbor (Charles Edwards) und Arondir (Ismael Cruz Cordova).<\/p><p>In Numenor gibt es pl\u00f6tzlich Platz an der Spitze. Miriel (Cynthia Addai-Robinson) trauert um den Tod ihres Vaters. Elendil (Lloyd Owen) k\u00f6nnte an ihrer Seite bleiben. Nicht zu vergessen sind die Zwerge, Durin III (Owain Arthur) und Disa (Sophia Nomvete).<\/p><p>\u00dcbrigens erz\u00e4hlte Owain Arthur, Durins Darsteller, in einem Interview: \"Durins Leben hat sich ver\u00e4ndert, und das Ergebnis werden wir in Staffel 2 sehen. Es gibt viel Dunkelheit, die sich in Mittelerde entwickelt ... und diese Dunkelheit hat sicherlich auch Durin ber\u00fchrt\".<\/p><p>Diese talentierte Besetzung gew\u00e4hrleistet eine Kontinuit\u00e4t mit der ersten Staffel. W\u00e4hrend die Einf\u00fchrung neuer Schauspieler verspricht, das Universum mit neuen Perspektiven und Dynamiken zu bereichern.<\/p>\t\t\t\t\t\t\t\t<\/div>\n\t\t\t\t<\/div>\n\t\t\t\t\t<\/div>\n\t\t<\/div>\n\t\t\t\t\t<\/div>\n\t\t<\/section>\n\t\t\t\t<section class=\"elementor-section elementor-top-section elementor-element elementor-element-25da695b elementor-section-boxed elementor-section-height-default elementor-section-height-default\" data-id=\"25da695b\" data-element_type=\"section\" data-e-type=\"section\">\n\t\t\t\t\t\t<div class=\"elementor-container elementor-column-gap-default\">\n\t\t\t\t\t<div class=\"elementor-column elementor-col-100 elementor-top-column elementor-element elementor-element-1317b52\" data-id=\"1317b52\" data-element_type=\"column\" data-e-type=\"column\">\n\t\t\t<div class=\"elementor-widget-wrap elementor-element-populated\">\n\t\t\t\t\t\t<div class=\"elementor-element elementor-element-270d193c elementor-widget elementor-widget-heading\" data-id=\"270d193c\" data-element_type=\"widget\" data-e-type=\"widget\" data-widget_type=\"heading.default\">\n\t\t\t\t<div class=\"elementor-widget-container\">\n\t\t\t\t\t<h2 class=\"elementor-heading-title elementor-size-default\">3. Die Ringe der Macht Staffel 2: Neue Charaktere<\/h2>\t\t\t\t<\/div>\n\t\t\t\t<\/div>\n\t\t\t\t<div class=\"elementor-element elementor-element-5fe686d2 elementor-widget elementor-widget-image\" data-id=\"5fe686d2\" data-element_type=\"widget\" data-e-type=\"widget\" data-widget_type=\"image.default\">\n\t\t\t\t<div class=\"elementor-widget-container\">\n\t\t\t\t\t\t\t\t\t\t\t\t<figure class=\"wp-caption\">\n\t\t\t\t\t\t\t\t\t\t<img decoding=\"async\" width=\"600\" height=\"300\" src=\"https:\/\/repliquemangacine.fr\/wp-content\/uploads\/2024\/03\/Les-anneaux-de-Pouvoir-casting.jpg\" class=\"attachment-large size-large wp-image-69831\" alt=\"\" srcset=\"https:\/\/repliquemangacine.fr\/wp-content\/uploads\/2024\/03\/Les-anneaux-de-Pouvoir-casting.jpg 600w, https:\/\/repliquemangacine.fr\/wp-content\/uploads\/2024\/03\/Les-anneaux-de-Pouvoir-casting-300x150.jpg 300w, https:\/\/repliquemangacine.fr\/wp-content\/uploads\/2024\/03\/Les-anneaux-de-Pouvoir-casting-64x32.jpg 64w\" sizes=\"(max-width: 600px) 100vw, 600px\" \/>\t\t\t\t\t\t\t\t\t\t\t<figcaption class=\"widget-image-caption wp-caption-text\"><\/figcaption>\n\t\t\t\t\t\t\t\t\t\t<\/figure>\n\t\t\t\t\t\t\t\t\t<\/div>\n\t\t\t\t<\/div>\n\t\t\t\t<div class=\"elementor-element elementor-element-5aa9fd1f elementor-widget elementor-widget-text-editor\" data-id=\"5aa9fd1f\" data-element_type=\"widget\" data-e-type=\"widget\" data-widget_type=\"text-editor.default\">\n\t\t\t\t<div class=\"elementor-widget-container\">\n\t\t\t\t\t\t\t\t\t<p>W\u00e4hrend wir diesen Blogartikel schreiben, sto\u00dfen zahlreiche neue Charaktere zur Serie. Laut The Hollywood Reporter ist Cirdan, \"einer der weisesten und \u00e4ltesten Elfen\", Teil der Besetzung f\u00fcr die neue Staffel. Aber um welchen Schauspieler handelt es sich?<\/p><p>Dar\u00fcber hinaus haben wir erfahren, dass drei Schauspieler in \"wiederkehrenden\" Rollen auftreten werden. Ciaran Hinds (Game of Thrones), Rory Kinnear (James Bond) und Tanya Moodie (Star Wars: The Rise of Skywalker) wurden best\u00e4tigt, dass sie der Besetzung beitreten werden.<\/p><p>Besonders hervorzuheben ist, dass viele neue Schauspieler und Schauspielerinnen zur Besetzung hinzugef\u00fcgt werden. Dazu geh\u00f6ren:<\/p><ul><li>Nia Towle britische Schauspielerin, die in Persuasion mitgespielt hat.<\/li><li>Yasen Zates Atour englischer Schauspieler, der in The Witcher (2019) mitgespielt hat.<\/li><li>Calam Finbar Lynch ist ein britischer Schauspieler irischer Abstammung. Er trat in der zweiten Staffel der Netflix-Serie Bridgerton auf.<\/li><li>Kevin Eldon, britischer Schauspieler. Er spielt die Rolle des Camello in der sechsten Staffel von Game of Thrones.<\/li><\/ul><p>Zu all ihren Akteuren werden weitere Neuzug\u00e4nge hinzukommen.<\/p>\t\t\t\t\t\t\t\t<\/div>\n\t\t\t\t<\/div>\n\t\t\t\t\t<\/div>\n\t\t<\/div>\n\t\t\t\t\t<\/div>\n\t\t<\/section>\n\t\t\t\t<section class=\"elementor-section elementor-top-section elementor-element elementor-element-4124d5d6 elementor-section-boxed elementor-section-height-default elementor-section-height-default\" data-id=\"4124d5d6\" data-element_type=\"section\" data-e-type=\"section\">\n\t\t\t\t\t\t<div class=\"elementor-container elementor-column-gap-default\">\n\t\t\t\t\t<div class=\"elementor-column elementor-col-100 elementor-top-column elementor-element elementor-element-20a0c2c\" data-id=\"20a0c2c\" data-element_type=\"column\" data-e-type=\"column\">\n\t\t\t<div class=\"elementor-widget-wrap elementor-element-populated\">\n\t\t\t\t\t\t<div class=\"elementor-element elementor-element-6ddca6cc elementor-widget elementor-widget-heading\" data-id=\"6ddca6cc\" data-element_type=\"widget\" data-e-type=\"widget\" data-widget_type=\"heading.default\">\n\t\t\t\t<div class=\"elementor-widget-container\">\n\t\t\t\t\t<h2 class=\"elementor-heading-title elementor-size-default\">4. Die Kunst des Krieges: Die Schwerter der Macht<\/h2>\t\t\t\t<\/div>\n\t\t\t\t<\/div>\n\t\t\t\t<div class=\"elementor-element elementor-element-1ae92fcb elementor-widget elementor-widget-image\" data-id=\"1ae92fcb\" data-element_type=\"widget\" data-e-type=\"widget\" data-widget_type=\"image.default\">\n\t\t\t\t<div class=\"elementor-widget-container\">\n\t\t\t\t\t\t\t\t\t\t\t\t<figure class=\"wp-caption\">\n\t\t\t\t\t\t\t\t\t\t<img loading=\"lazy\" decoding=\"async\" width=\"600\" height=\"300\" src=\"https:\/\/repliquemangacine.fr\/wp-content\/uploads\/2024\/03\/Les-anneaux-de-Pouvoir-les-epees.jpg\" class=\"attachment-large size-large wp-image-69830\" alt=\"Die Ringe der Macht die Schwerter\" srcset=\"https:\/\/repliquemangacine.fr\/wp-content\/uploads\/2024\/03\/Les-anneaux-de-Pouvoir-les-epees.jpg 600w, https:\/\/repliquemangacine.fr\/wp-content\/uploads\/2024\/03\/Les-anneaux-de-Pouvoir-les-epees-300x150.jpg 300w, https:\/\/repliquemangacine.fr\/wp-content\/uploads\/2024\/03\/Les-anneaux-de-Pouvoir-les-epees-64x32.jpg 64w\" sizes=\"(max-width: 600px) 100vw, 600px\" \/>\t\t\t\t\t\t\t\t\t\t\t<figcaption class=\"widget-image-caption wp-caption-text\"><\/figcaption>\n\t\t\t\t\t\t\t\t\t\t<\/figure>\n\t\t\t\t\t\t\t\t\t<\/div>\n\t\t\t\t<\/div>\n\t\t\t\t<div class=\"elementor-element elementor-element-631af7e6 elementor-widget elementor-widget-text-editor\" data-id=\"631af7e6\" data-element_type=\"widget\" data-e-type=\"widget\" data-widget_type=\"text-editor.default\">\n\t\t\t\t<div class=\"elementor-widget-container\">\n\t\t\t\t\t\t\t\t\t<p>Im Zentrum der Saga \"Der Herr der Ringe\" stehen Artefakte von gro\u00dfer Macht, und unter ihnen spielen Schwerter eine zentrale Rolle. Sie sind nicht nur Kriegswaffen, sondern symbolisieren auch die Ehre, den Mut und das Schicksal ihrer Tr\u00e4ger. In der zweiten Staffel von \"Ringe der Macht\" werden die Schwerter weiterhin eine entscheidende Rolle spielen. Sie dienen als Bindeglied zwischen den Charakteren, ihren Bestrebungen und ihrem Erbe.<\/p><p>Zweifellos werden wir das Vergn\u00fcgen haben, uns wiederzusehen <a href=\"https:\/\/repliquemangacine.fr\/de\/neuheiten\/galadriels-schwert-ringe-der-macht\/\">Galadriel und ihr Schwert<\/a> Man kann hoffen, wieder den <a href=\"https:\/\/repliquemangacine.fr\/de\/schwerter-und-dolche-die-ringe-der-macht\/celebrimbor-hammer\/\">Hammer von Celebrimbor.<\/a> Sie erinnern sich an diesen Hammer, der einst F\u00ebanor geh\u00f6rte.<\/p><p>In \"Die Ringe der Macht\" nimmt sich die Serie erz\u00e4hlerische Freiheiten heraus, um die Wurzeln und das Schicksal von Narsil, der \"Rabenmutter\", zu erforschen.<a href=\"https:\/\/repliquemangacine.fr\/de\/schwerter-und-dolche-die-ringe-der-macht\/schwert-delendil-die-ringe-der-macht\/\">Elendil-Schwert<\/a>. Obwohl die Serie dem Geist von Tolkiens Originalwerk treu bleibt, bietet sie eine einzigartige und bereichernde Interpretation der Geschichte dieses ikonischen Schwertes.<\/p><p>Abschlie\u00dfend l\u00e4sst sich sagen, dass die Serie verspricht, Schwerter mit reichen und komplexen Geschichten zu pr\u00e4sentieren, die in die \u00fcbergreifende Erz\u00e4hlung vom Kampf um Macht und \u00dcberleben in Mittelerde eingewoben sind.<\/p>\t\t\t\t\t\t\t\t<\/div>\n\t\t\t\t<\/div>\n\t\t\t\t\t<\/div>\n\t\t<\/div>\n\t\t\t\t\t<\/div>\n\t\t<\/section>\n\t\t\t\t<section class=\"elementor-section elementor-top-section elementor-element elementor-element-4818bfd elementor-section-boxed elementor-section-height-default elementor-section-height-default\" data-id=\"4818bfd\" data-element_type=\"section\" data-e-type=\"section\">\n\t\t\t\t\t\t<div class=\"elementor-container elementor-column-gap-default\">\n\t\t\t\t\t<div class=\"elementor-column elementor-col-100 elementor-top-column elementor-element elementor-element-ea89537\" data-id=\"ea89537\" data-element_type=\"column\" data-e-type=\"column\">\n\t\t\t<div class=\"elementor-widget-wrap elementor-element-populated\">\n\t\t\t\t\t\t<div class=\"elementor-element elementor-element-b20bd4f elementor-widget elementor-widget-heading\" data-id=\"b20bd4f\" data-element_type=\"widget\" data-e-type=\"widget\" data-widget_type=\"heading.default\">\n\t\t\t\t<div class=\"elementor-widget-container\">\n\t\t\t\t\t<h2 class=\"elementor-heading-title elementor-size-default\">5. Was die Fortsetzung \"Die Ringe der Macht\" enth\u00e4lt<\/h2>\t\t\t\t<\/div>\n\t\t\t\t<\/div>\n\t\t\t\t<div class=\"elementor-element elementor-element-10a0528 elementor-widget elementor-widget-image\" data-id=\"10a0528\" data-element_type=\"widget\" data-e-type=\"widget\" data-widget_type=\"image.default\">\n\t\t\t\t<div class=\"elementor-widget-container\">\n\t\t\t\t\t\t\t\t\t\t\t\t<figure class=\"wp-caption\">\n\t\t\t\t\t\t\t\t\t\t<img loading=\"lazy\" decoding=\"async\" width=\"600\" height=\"300\" src=\"https:\/\/repliquemangacine.fr\/wp-content\/uploads\/2024\/03\/Les-anneaux-de-Pouvoir-la-suite.jpg\" class=\"attachment-large size-large wp-image-69829\" alt=\"Die Ringe von Pouvoir la suite\" srcset=\"https:\/\/repliquemangacine.fr\/wp-content\/uploads\/2024\/03\/Les-anneaux-de-Pouvoir-la-suite.jpg 600w, https:\/\/repliquemangacine.fr\/wp-content\/uploads\/2024\/03\/Les-anneaux-de-Pouvoir-la-suite-300x150.jpg 300w, https:\/\/repliquemangacine.fr\/wp-content\/uploads\/2024\/03\/Les-anneaux-de-Pouvoir-la-suite-64x32.jpg 64w\" sizes=\"(max-width: 600px) 100vw, 600px\" \/>\t\t\t\t\t\t\t\t\t\t\t<figcaption class=\"widget-image-caption wp-caption-text\"><\/figcaption>\n\t\t\t\t\t\t\t\t\t\t<\/figure>\n\t\t\t\t\t\t\t\t\t<\/div>\n\t\t\t\t<\/div>\n\t\t\t\t<div class=\"elementor-element elementor-element-e397189 elementor-widget elementor-widget-text-editor\" data-id=\"e397189\" data-element_type=\"widget\" data-e-type=\"widget\" data-widget_type=\"text-editor.default\">\n\t\t\t\t<div class=\"elementor-widget-container\">\n\t\t\t\t\t\t\t\t\t<p>Das Erscheinungsdatum der zweiten Staffel der Serie \"Die Ringe der Macht\" wurde von Prime Video noch nicht bekannt gegeben. Eine von der amerikanischen Presse weitergegebene Nachricht \u00fcber die Serie d\u00fcrfte die Fans erfreuen.<\/p><p>Die Serie war jedoch am Mittwoch, dem 28. Februar 2024, in den Nachrichten. Nachdem sie bei ihrer Ver\u00f6ffentlichung eine Flutwelle ausgel\u00f6st hatte, bei der 25 Millionen Abonnenten sie am ersten Tag gesehen hatten. Die erste Staffel von Ringe der Macht war weltweit ein echter Erfolg, der noch viele Jahre und mehrere Staffeln andauern k\u00f6nnte.<\/p><p>Die Showrunner der Serie arbeiten bereits an den Drehb\u00fcchern f\u00fcr die dritte Staffel. Laut Variety haben die beiden Showrunner Patrick McKay und JD Payne sowie Amazon Studios, die die Produktion des Projekts \u00fcbernehmen. Sie haben eine sehr interessante Vereinbarung getroffen. Es handelt sich um eine \"umfassende Vereinbarung\" mit einer Laufzeit von drei Jahren.<\/p><p>Die Unterzeichnung dieser Vereinbarung bedeutet nicht, dass die dritte Staffel der Ringe der Macht von Prime Video bestellt wurde. Sie gibt jedoch einen ernsthaften Indikator in diese Richtung. Dies gilt umso mehr, als die dritte Staffel Ger\u00fcchten zufolge insbesondere in Bezug auf die Drehb\u00fccher bereits weit fortgeschritten sein soll.<\/p>\t\t\t\t\t\t\t\t<\/div>\n\t\t\t\t<\/div>\n\t\t\t\t\t<\/div>\n\t\t<\/div>\n\t\t\t\t\t<\/div>\n\t\t<\/section>\n\t\t\t\t<\/div>","protected":false},"excerpt":{"rendered":"<p>La saison 2 de &#8220;Le Seigneur des Anneaux : Les Anneaux de Pouvoir&#8221; sur Prime Video promet d&#8217;\u00eatre riche en d\u00e9veloppements et en surprises, s&#8217;inscrivant dans la continuit\u00e9 de la mythologie de la Terre du Milieu. 1. Un Retour en Terre du Milieu https:\/\/www.youtube.com\/watch?v=igYOjtB5tqo La Terre du Milieu s&#8217;appr\u00eate une fois de plus \u00e0 ouvrir [&hellip;]<\/p>\n","protected":false},"author":7689,"featured_media":69819,"comment_status":"closed","ping_status":"closed","sticky":false,"template":"","format":"standard","meta":{"footnotes":""},"categories":[1],"tags":[],"class_list":["post-69818","post","type-post","status-publish","format-standard","has-post-thumbnail","hentry","category-films-et-series"],"yoast_head":"<!-- This site is optimized with the Yoast SEO plugin v27.5 - https:\/\/yoast.com\/product\/yoast-seo-wordpress\/ -->\n<title>&quot;Les Anneaux de Pouvoir&quot; Saison 2 - Le blog | R\u00e9plique Manga Cin\u00e9<\/title>\n<meta name=\"description\" content=\"D\u00e9couvrez notre article de blog &quot; Les Anneaux de Pouvoir &quot; saison 2. Date de sortie, casting, et la suite de la s\u00e9rie\u202f!\" \/>\n<meta name=\"robots\" content=\"index, follow, max-snippet:-1, max-image-preview:large, max-video-preview:-1\" \/>\n<link rel=\"canonical\" href=\"https:\/\/repliquemangacine.fr\/de\/die-ringe-der-macht-saison-2\/\" \/>\n<meta property=\"og:locale\" content=\"de_DE\" \/>\n<meta property=\"og:type\" content=\"article\" \/>\n<meta property=\"og:title\" content=\"&quot;Les Anneaux de Pouvoir&quot; Saison 2 - Le blog | R\u00e9plique Manga Cin\u00e9\" \/>\n<meta property=\"og:description\" content=\"D\u00e9couvrez notre article de blog &quot; Les Anneaux de Pouvoir &quot; saison 2. Date de sortie, casting, et la suite de la s\u00e9rie\u202f!\" \/>\n<meta property=\"og:url\" content=\"https:\/\/repliquemangacine.fr\/de\/die-ringe-der-macht-saison-2\/\" \/>\n<meta property=\"og:site_name\" content=\"R\u00e9plique Manga Cin\u00e9\" \/>\n<meta property=\"article:publisher\" content=\"https:\/\/www.facebook.com\/RepliqueMangaCine\" \/>\n<meta property=\"article:published_time\" content=\"2024-03-02T19:02:24+00:00\" \/>\n<meta property=\"article:modified_time\" content=\"2024-03-09T13:57:23+00:00\" \/>\n<meta property=\"og:image\" content=\"https:\/\/repliquemangacine.fr\/wp-content\/uploads\/2024\/03\/Les-Anneaux-de-Pouvoir-Saison-2.jpg\" \/>\n\t<meta property=\"og:image:width\" content=\"600\" \/>\n\t<meta property=\"og:image:height\" content=\"300\" \/>\n\t<meta property=\"og:image:type\" content=\"image\/jpeg\" \/>\n<meta name=\"author\" content=\"coquizart RMC\" \/>\n<meta name=\"twitter:card\" content=\"summary_large_image\" \/>\n<meta name=\"twitter:label1\" content=\"Verfasst von\" \/>\n\t<meta name=\"twitter:data1\" content=\"coquizart RMC\" \/>\n\t<meta name=\"twitter:label2\" content=\"Gesch\u00e4tzte Lesezeit\" \/>\n\t<meta name=\"twitter:data2\" content=\"7\u00a0Minuten\" \/>\n<script type=\"application\/ld+json\" class=\"yoast-schema-graph\">{\"@context\":\"https:\\\/\\\/schema.org\",\"@graph\":[{\"@type\":[\"Article\",\"BlogPosting\"],\"@id\":\"https:\\\/\\\/repliquemangacine.fr\\\/les-anneaux-de-pouvoir-saison-2\\\/#article\",\"isPartOf\":{\"@id\":\"https:\\\/\\\/repliquemangacine.fr\\\/les-anneaux-de-pouvoir-saison-2\\\/\"},\"author\":{\"name\":\"coquizart RMC\",\"@id\":\"https:\\\/\\\/repliquemangacine.fr\\\/#\\\/schema\\\/person\\\/08aed5adc9a5f0461480af5bd8fda389\"},\"headline\":\"&#8220;Les Anneaux de Pouvoir&#8221; Saison 2\",\"datePublished\":\"2024-03-02T19:02:24+00:00\",\"dateModified\":\"2024-03-09T13:57:23+00:00\",\"mainEntityOfPage\":{\"@id\":\"https:\\\/\\\/repliquemangacine.fr\\\/les-anneaux-de-pouvoir-saison-2\\\/\"},\"wordCount\":1132,\"publisher\":{\"@id\":\"https:\\\/\\\/repliquemangacine.fr\\\/#organization\"},\"image\":{\"@id\":\"https:\\\/\\\/repliquemangacine.fr\\\/les-anneaux-de-pouvoir-saison-2\\\/#primaryimage\"},\"thumbnailUrl\":\"https:\\\/\\\/repliquemangacine.fr\\\/wp-content\\\/uploads\\\/2024\\\/03\\\/Les-Anneaux-de-Pouvoir-Saison-2.jpg\",\"articleSection\":[\"Films et S\u00e9ries\"],\"inLanguage\":\"de\"},{\"@type\":\"WebPage\",\"@id\":\"https:\\\/\\\/repliquemangacine.fr\\\/les-anneaux-de-pouvoir-saison-2\\\/\",\"url\":\"https:\\\/\\\/repliquemangacine.fr\\\/les-anneaux-de-pouvoir-saison-2\\\/\",\"name\":\"\\\"Les Anneaux de Pouvoir\\\" Saison 2 - Le blog | R\u00e9plique Manga Cin\u00e9\",\"isPartOf\":{\"@id\":\"https:\\\/\\\/repliquemangacine.fr\\\/#website\"},\"primaryImageOfPage\":{\"@id\":\"https:\\\/\\\/repliquemangacine.fr\\\/les-anneaux-de-pouvoir-saison-2\\\/#primaryimage\"},\"image\":{\"@id\":\"https:\\\/\\\/repliquemangacine.fr\\\/les-anneaux-de-pouvoir-saison-2\\\/#primaryimage\"},\"thumbnailUrl\":\"https:\\\/\\\/repliquemangacine.fr\\\/wp-content\\\/uploads\\\/2024\\\/03\\\/Les-Anneaux-de-Pouvoir-Saison-2.jpg\",\"datePublished\":\"2024-03-02T19:02:24+00:00\",\"dateModified\":\"2024-03-09T13:57:23+00:00\",\"description\":\"D\u00e9couvrez notre article de blog \\\" Les Anneaux de Pouvoir \\\" saison 2. Date de sortie, casting, et la suite de la s\u00e9rie\u202f!\",\"breadcrumb\":{\"@id\":\"https:\\\/\\\/repliquemangacine.fr\\\/les-anneaux-de-pouvoir-saison-2\\\/#breadcrumb\"},\"inLanguage\":\"de\",\"potentialAction\":[{\"@type\":\"ReadAction\",\"target\":[\"https:\\\/\\\/repliquemangacine.fr\\\/les-anneaux-de-pouvoir-saison-2\\\/\"]}]},{\"@type\":\"ImageObject\",\"inLanguage\":\"de\",\"@id\":\"https:\\\/\\\/repliquemangacine.fr\\\/les-anneaux-de-pouvoir-saison-2\\\/#primaryimage\",\"url\":\"https:\\\/\\\/repliquemangacine.fr\\\/wp-content\\\/uploads\\\/2024\\\/03\\\/Les-Anneaux-de-Pouvoir-Saison-2.jpg\",\"contentUrl\":\"https:\\\/\\\/repliquemangacine.fr\\\/wp-content\\\/uploads\\\/2024\\\/03\\\/Les-Anneaux-de-Pouvoir-Saison-2.jpg\",\"width\":600,\"height\":300,\"caption\":\"\\\"Les Anneaux de Pouvoir\\\" Saison 2\"},{\"@type\":\"BreadcrumbList\",\"@id\":\"https:\\\/\\\/repliquemangacine.fr\\\/les-anneaux-de-pouvoir-saison-2\\\/#breadcrumb\",\"itemListElement\":[{\"@type\":\"ListItem\",\"position\":1,\"name\":\"Accueil\",\"item\":\"https:\\\/\\\/repliquemangacine.fr\\\/\"},{\"@type\":\"ListItem\",\"position\":2,\"name\":\"&#8220;Les Anneaux de Pouvoir&#8221; Saison 2\"}]},{\"@type\":\"WebSite\",\"@id\":\"https:\\\/\\\/repliquemangacine.fr\\\/#website\",\"url\":\"https:\\\/\\\/repliquemangacine.fr\\\/\",\"name\":\"R\u00e9plique Manga Cin\u00e9\",\"description\":\"\",\"publisher\":{\"@id\":\"https:\\\/\\\/repliquemangacine.fr\\\/#organization\"},\"potentialAction\":[{\"@type\":\"SearchAction\",\"target\":{\"@type\":\"EntryPoint\",\"urlTemplate\":\"https:\\\/\\\/repliquemangacine.fr\\\/?s={search_term_string}\"},\"query-input\":{\"@type\":\"PropertyValueSpecification\",\"valueRequired\":true,\"valueName\":\"search_term_string\"}}],\"inLanguage\":\"de\"},{\"@type\":\"Organization\",\"@id\":\"https:\\\/\\\/repliquemangacine.fr\\\/#organization\",\"name\":\"R\u00e9plique Manga Cin\u00e9\",\"url\":\"https:\\\/\\\/repliquemangacine.fr\\\/\",\"logo\":{\"@type\":\"ImageObject\",\"inLanguage\":\"de\",\"@id\":\"https:\\\/\\\/repliquemangacine.fr\\\/#\\\/schema\\\/logo\\\/image\\\/\",\"url\":\"https:\\\/\\\/repliquemangacine.fr\\\/wp-content\\\/uploads\\\/2023\\\/10\\\/RMC-500250.png\",\"contentUrl\":\"https:\\\/\\\/repliquemangacine.fr\\\/wp-content\\\/uploads\\\/2023\\\/10\\\/RMC-500250.png\",\"width\":500,\"height\":250,\"caption\":\"R\u00e9plique Manga Cin\u00e9\"},\"image\":{\"@id\":\"https:\\\/\\\/repliquemangacine.fr\\\/#\\\/schema\\\/logo\\\/image\\\/\"},\"sameAs\":[\"https:\\\/\\\/www.facebook.com\\\/RepliqueMangaCine\",\"https:\\\/\\\/www.instagram.com\\\/repliquemangacine.fr\\\/\"]},{\"@type\":\"Person\",\"@id\":\"https:\\\/\\\/repliquemangacine.fr\\\/#\\\/schema\\\/person\\\/08aed5adc9a5f0461480af5bd8fda389\",\"name\":\"coquizart RMC\"}]}<\/script>\n<!-- \/ Yoast SEO plugin. -->","yoast_head_json":{"title":"\"Die Ringe der Macht\" Staffel 2 - Der Blog | R\u00e9plique Manga Cin\u00e9","description":"Lesen Sie unseren Blogbeitrag \"Die Ringe der Macht\" Staffel 2. Erscheinungsdatum, Besetzung und wie es mit der Serie weitergeht!","robots":{"index":"index","follow":"follow","max-snippet":"max-snippet:-1","max-image-preview":"max-image-preview:large","max-video-preview":"max-video-preview:-1"},"canonical":"https:\/\/repliquemangacine.fr\/de\/die-ringe-der-macht-saison-2\/","og_locale":"de_DE","og_type":"article","og_title":"\"Les Anneaux de Pouvoir\" Saison 2 - Le blog | R\u00e9plique Manga Cin\u00e9","og_description":"D\u00e9couvrez notre article de blog \" Les Anneaux de Pouvoir \" saison 2. Date de sortie, casting, et la suite de la s\u00e9rie\u202f!","og_url":"https:\/\/repliquemangacine.fr\/de\/die-ringe-der-macht-saison-2\/","og_site_name":"R\u00e9plique Manga Cin\u00e9","article_publisher":"https:\/\/www.facebook.com\/RepliqueMangaCine","article_published_time":"2024-03-02T19:02:24+00:00","article_modified_time":"2024-03-09T13:57:23+00:00","og_image":[{"width":600,"height":300,"url":"https:\/\/repliquemangacine.fr\/wp-content\/uploads\/2024\/03\/Les-Anneaux-de-Pouvoir-Saison-2.jpg","type":"image\/jpeg"}],"author":"coquizart RMC","twitter_card":"summary_large_image","twitter_misc":{"Verfasst von":"coquizart RMC","Gesch\u00e4tzte Lesezeit":"7\u00a0Minuten"},"schema":{"@context":"https:\/\/schema.org","@graph":[{"@type":["Article","BlogPosting"],"@id":"https:\/\/repliquemangacine.fr\/les-anneaux-de-pouvoir-saison-2\/#article","isPartOf":{"@id":"https:\/\/repliquemangacine.fr\/les-anneaux-de-pouvoir-saison-2\/"},"author":{"name":"coquizart RMC","@id":"https:\/\/repliquemangacine.fr\/#\/schema\/person\/08aed5adc9a5f0461480af5bd8fda389"},"headline":"&#8220;Les Anneaux de Pouvoir&#8221; Saison 2","datePublished":"2024-03-02T19:02:24+00:00","dateModified":"2024-03-09T13:57:23+00:00","mainEntityOfPage":{"@id":"https:\/\/repliquemangacine.fr\/les-anneaux-de-pouvoir-saison-2\/"},"wordCount":1132,"publisher":{"@id":"https:\/\/repliquemangacine.fr\/#organization"},"image":{"@id":"https:\/\/repliquemangacine.fr\/les-anneaux-de-pouvoir-saison-2\/#primaryimage"},"thumbnailUrl":"https:\/\/repliquemangacine.fr\/wp-content\/uploads\/2024\/03\/Les-Anneaux-de-Pouvoir-Saison-2.jpg","articleSection":["Films et S\u00e9ries"],"inLanguage":"de"},{"@type":"WebPage","@id":"https:\/\/repliquemangacine.fr\/les-anneaux-de-pouvoir-saison-2\/","url":"https:\/\/repliquemangacine.fr\/les-anneaux-de-pouvoir-saison-2\/","name":"\"Die Ringe der Macht\" Staffel 2 - Der Blog | R\u00e9plique Manga Cin\u00e9","isPartOf":{"@id":"https:\/\/repliquemangacine.fr\/#website"},"primaryImageOfPage":{"@id":"https:\/\/repliquemangacine.fr\/les-anneaux-de-pouvoir-saison-2\/#primaryimage"},"image":{"@id":"https:\/\/repliquemangacine.fr\/les-anneaux-de-pouvoir-saison-2\/#primaryimage"},"thumbnailUrl":"https:\/\/repliquemangacine.fr\/wp-content\/uploads\/2024\/03\/Les-Anneaux-de-Pouvoir-Saison-2.jpg","datePublished":"2024-03-02T19:02:24+00:00","dateModified":"2024-03-09T13:57:23+00:00","description":"Lesen Sie unseren Blogbeitrag \"Die Ringe der Macht\" Staffel 2. Erscheinungsdatum, Besetzung und wie es mit der Serie weitergeht!","breadcrumb":{"@id":"https:\/\/repliquemangacine.fr\/les-anneaux-de-pouvoir-saison-2\/#breadcrumb"},"inLanguage":"de","potentialAction":[{"@type":"ReadAction","target":["https:\/\/repliquemangacine.fr\/les-anneaux-de-pouvoir-saison-2\/"]}]},{"@type":"ImageObject","inLanguage":"de","@id":"https:\/\/repliquemangacine.fr\/les-anneaux-de-pouvoir-saison-2\/#primaryimage","url":"https:\/\/repliquemangacine.fr\/wp-content\/uploads\/2024\/03\/Les-Anneaux-de-Pouvoir-Saison-2.jpg","contentUrl":"https:\/\/repliquemangacine.fr\/wp-content\/uploads\/2024\/03\/Les-Anneaux-de-Pouvoir-Saison-2.jpg","width":600,"height":300,"caption":"\"Les Anneaux de Pouvoir\" Saison 2"},{"@type":"BreadcrumbList","@id":"https:\/\/repliquemangacine.fr\/les-anneaux-de-pouvoir-saison-2\/#breadcrumb","itemListElement":[{"@type":"ListItem","position":1,"name":"Accueil","item":"https:\/\/repliquemangacine.fr\/"},{"@type":"ListItem","position":2,"name":"&#8220;Les Anneaux de Pouvoir&#8221; Saison 2"}]},{"@type":"WebSite","@id":"https:\/\/repliquemangacine.fr\/#website","url":"https:\/\/repliquemangacine.fr\/","name":"R\u00e9plique Manga Cin\u00e9","description":"","publisher":{"@id":"https:\/\/repliquemangacine.fr\/#organization"},"potentialAction":[{"@type":"SearchAction","target":{"@type":"EntryPoint","urlTemplate":"https:\/\/repliquemangacine.fr\/?s={search_term_string}"},"query-input":{"@type":"PropertyValueSpecification","valueRequired":true,"valueName":"search_term_string"}}],"inLanguage":"de"},{"@type":"Organization","@id":"https:\/\/repliquemangacine.fr\/#organization","name":"R\u00e9plique Manga Cin\u00e9","url":"https:\/\/repliquemangacine.fr\/","logo":{"@type":"ImageObject","inLanguage":"de","@id":"https:\/\/repliquemangacine.fr\/#\/schema\/logo\/image\/","url":"https:\/\/repliquemangacine.fr\/wp-content\/uploads\/2023\/10\/RMC-500250.png","contentUrl":"https:\/\/repliquemangacine.fr\/wp-content\/uploads\/2023\/10\/RMC-500250.png","width":500,"height":250,"caption":"R\u00e9plique Manga Cin\u00e9"},"image":{"@id":"https:\/\/repliquemangacine.fr\/#\/schema\/logo\/image\/"},"sameAs":["https:\/\/www.facebook.com\/RepliqueMangaCine","https:\/\/www.instagram.com\/repliquemangacine.fr\/"]},{"@type":"Person","@id":"https:\/\/repliquemangacine.fr\/#\/schema\/person\/08aed5adc9a5f0461480af5bd8fda389","name":"coquizart RMC"}]}},"_links":{"self":[{"href":"https:\/\/repliquemangacine.fr\/de\/wp-json\/wp\/v2\/posts\/69818","targetHints":{"allow":["GET"]}}],"collection":[{"href":"https:\/\/repliquemangacine.fr\/de\/wp-json\/wp\/v2\/posts"}],"about":[{"href":"https:\/\/repliquemangacine.fr\/de\/wp-json\/wp\/v2\/types\/post"}],"author":[{"embeddable":true,"href":"https:\/\/repliquemangacine.fr\/de\/wp-json\/wp\/v2\/users\/7689"}],"replies":[{"embeddable":true,"href":"https:\/\/repliquemangacine.fr\/de\/wp-json\/wp\/v2\/comments?post=69818"}],"version-history":[{"count":0,"href":"https:\/\/repliquemangacine.fr\/de\/wp-json\/wp\/v2\/posts\/69818\/revisions"}],"wp:featuredmedia":[{"embeddable":true,"href":"https:\/\/repliquemangacine.fr\/de\/wp-json\/wp\/v2\/media\/69819"}],"wp:attachment":[{"href":"https:\/\/repliquemangacine.fr\/de\/wp-json\/wp\/v2\/media?parent=69818"}],"wp:term":[{"taxonomy":"category","embeddable":true,"href":"https:\/\/repliquemangacine.fr\/de\/wp-json\/wp\/v2\/categories?post=69818"},{"taxonomy":"post_tag","embeddable":true,"href":"https:\/\/repliquemangacine.fr\/de\/wp-json\/wp\/v2\/tags?post=69818"}],"curies":[{"name":"wp","href":"https:\/\/api.w.org\/{rel}","templated":true}]}}