





{"id":69071,"date":"2024-02-10T19:22:43","date_gmt":"2024-02-10T18:22:43","guid":{"rendered":"https:\/\/repliquemangacine.fr\/?p=69071"},"modified":"2024-03-19T14:49:16","modified_gmt":"2024-03-19T13:49:16","slug":"80%e1%b5%89-jahrestag-des-d-days","status":"publish","type":"post","link":"https:\/\/repliquemangacine.fr\/de\/80%e1%b5%89-anniversaire-du-debarquement\/","title":{"rendered":"80\u1d49 Jahrestag der Landung in der Normandie"},"content":{"rendered":"<div data-elementor-type=\"wp-post\" data-elementor-id=\"69071\" class=\"elementor elementor-69071\" data-elementor-post-type=\"post\">\n\t\t\t\t\t\t<section class=\"elementor-section elementor-top-section elementor-element elementor-element-31c3c6d5 elementor-section-boxed elementor-section-height-default elementor-section-height-default\" data-id=\"31c3c6d5\" data-element_type=\"section\" data-e-type=\"section\">\n\t\t\t\t\t\t<div class=\"elementor-container elementor-column-gap-default\">\n\t\t\t\t\t<div class=\"elementor-column elementor-col-100 elementor-top-column elementor-element elementor-element-41957be1\" data-id=\"41957be1\" data-element_type=\"column\" data-e-type=\"column\">\n\t\t\t<div class=\"elementor-widget-wrap elementor-element-populated\">\n\t\t\t\t\t\t<div class=\"elementor-element elementor-element-473b36f1 elementor-widget elementor-widget-theme-post-title elementor-page-title elementor-widget-heading\" data-id=\"473b36f1\" data-element_type=\"widget\" data-e-type=\"widget\" data-widget_type=\"theme-post-title.default\">\n\t\t\t\t<div class=\"elementor-widget-container\">\n\t\t\t\t\t<h1 class=\"elementor-heading-title elementor-size-default\">80\u1d49 Jahrestag der Landung in der Normandie<\/h1>\t\t\t\t<\/div>\n\t\t\t\t<\/div>\n\t\t\t\t<div class=\"elementor-element elementor-element-8879619 elementor-widget elementor-widget-image\" data-id=\"8879619\" data-element_type=\"widget\" data-e-type=\"widget\" data-widget_type=\"image.default\">\n\t\t\t\t<div class=\"elementor-widget-container\">\n\t\t\t\t\t\t\t\t\t\t\t\t\t\t\t<img fetchpriority=\"high\" decoding=\"async\" width=\"600\" height=\"300\" src=\"https:\/\/repliquemangacine.fr\/wp-content\/uploads\/2024\/02\/logo-80e-anniversaire-du-debarquement.jpg\" class=\"attachment-large size-large wp-image-69088\" alt=\"80-j\u00e4hriges Jubil\u00e4um des D-Days\" srcset=\"https:\/\/repliquemangacine.fr\/wp-content\/uploads\/2024\/02\/logo-80e-anniversaire-du-debarquement.jpg 600w, https:\/\/repliquemangacine.fr\/wp-content\/uploads\/2024\/02\/logo-80e-anniversaire-du-debarquement-300x150.jpg 300w, https:\/\/repliquemangacine.fr\/wp-content\/uploads\/2024\/02\/logo-80e-anniversaire-du-debarquement-64x32.jpg 64w\" sizes=\"(max-width: 600px) 100vw, 600px\" \/>\t\t\t\t\t\t\t\t\t\t\t\t\t\t\t<\/div>\n\t\t\t\t<\/div>\n\t\t\t\t<div class=\"elementor-element elementor-element-667cc3eb elementor-widget elementor-widget-text-editor\" data-id=\"667cc3eb\" data-element_type=\"widget\" data-e-type=\"widget\" data-widget_type=\"text-editor.default\">\n\t\t\t\t<div class=\"elementor-widget-container\">\n\t\t\t\t\t\t\t\t\t<p>Zu Beginn wird dieses Jahr 2024 mit vielen Emotionen durch den 80\u1d49 Jahrestag der Landung und der Schlacht in der Normandie gepr\u00e4gt sein. Internationale Gedenkfeiern in Anwesenheit von Staatschefs, riesige Feuerwerke, Konzerte, Fallschirmspr\u00fcnge, B\u00e4lle...<\/p><p>Am 6. Juni 2024 findet die internationale Zeremonie in Saint-Laurent-sur-Mer (Omaha Beach) statt. Sie wird nur auf Einladung zug\u00e4nglich sein.<\/p><p>Neben den j\u00fcngsten Veteranen sind auch Pr\u00e4sidenten und Minister aus der ganzen Welt anwesend. So in der Vergangenheit K\u00f6nigin Elisabeth II. (die an vier Gedenkfeiern zum D-Day teilnahm). Barack Obama, Putin (im Jahr 2014) und viele andere. Sie zollten den Soldaten und Zivilisten, die daf\u00fcr k\u00e4mpften, dass der Frieden lebt, ihre tief empfundene Ehrerbietung.<\/p><p>Was dieses Jahr betrifft, so wird Pr\u00e4sident Macron offiziell anwesend sein. Zum jetzigen Zeitpunkt warten wir noch auf die Namen der anderen Pers\u00f6nlichkeiten und Staatsm\u00e4nner, die eingeladen werden.<\/p>\t\t\t\t\t\t\t\t<\/div>\n\t\t\t\t<\/div>\n\t\t\t\t\t<\/div>\n\t\t<\/div>\n\t\t\t\t\t<\/div>\n\t\t<\/section>\n\t\t\t\t<section class=\"elementor-section elementor-top-section elementor-element elementor-element-1d4e8ef4 elementor-section-boxed elementor-section-height-default elementor-section-height-default\" data-id=\"1d4e8ef4\" data-element_type=\"section\" data-e-type=\"section\">\n\t\t\t\t\t\t<div class=\"elementor-container elementor-column-gap-default\">\n\t\t\t\t\t<div class=\"elementor-column elementor-col-100 elementor-top-column elementor-element elementor-element-37df1e31\" data-id=\"37df1e31\" data-element_type=\"column\" data-e-type=\"column\">\n\t\t\t<div class=\"elementor-widget-wrap elementor-element-populated\">\n\t\t\t\t\t\t<div class=\"elementor-element elementor-element-74168147 elementor-widget elementor-widget-heading\" data-id=\"74168147\" data-element_type=\"widget\" data-e-type=\"widget\" data-widget_type=\"heading.default\">\n\t\t\t\t<div class=\"elementor-widget-container\">\n\t\t\t\t\t<h2 class=\"elementor-heading-title elementor-size-default\">1. Das unsterbliche Erbe des 80\u1d49 Jahrestages der Landung und der Schlacht in der Normandie<\/h2>\t\t\t\t<\/div>\n\t\t\t\t<\/div>\n\t\t\t\t<div class=\"elementor-element elementor-element-4322580a elementor-widget elementor-widget-image\" data-id=\"4322580a\" data-element_type=\"widget\" data-e-type=\"widget\" data-widget_type=\"image.default\">\n\t\t\t\t<div class=\"elementor-widget-container\">\n\t\t\t\t\t\t\t\t\t\t\t\t<figure class=\"wp-caption\">\n\t\t\t\t\t\t\t\t\t\t<img decoding=\"async\" width=\"600\" height=\"300\" src=\"https:\/\/repliquemangacine.fr\/wp-content\/uploads\/2024\/02\/80\u1d49-anniversaire-du-Debarquement-et-la-Bataille-de-Normandie-1.jpg\" class=\"attachment-large size-large wp-image-69115\" alt=\"80\u1d49 Jahrestag der Landung 6. Juni 1944\" srcset=\"https:\/\/repliquemangacine.fr\/wp-content\/uploads\/2024\/02\/80\u1d49-anniversaire-du-Debarquement-et-la-Bataille-de-Normandie-1.jpg 600w, https:\/\/repliquemangacine.fr\/wp-content\/uploads\/2024\/02\/80\u1d49-anniversaire-du-Debarquement-et-la-Bataille-de-Normandie-1-300x150.jpg 300w, https:\/\/repliquemangacine.fr\/wp-content\/uploads\/2024\/02\/80\u1d49-anniversaire-du-Debarquement-et-la-Bataille-de-Normandie-1-64x32.jpg 64w\" sizes=\"(max-width: 600px) 100vw, 600px\" \/>\t\t\t\t\t\t\t\t\t\t\t<figcaption class=\"widget-image-caption wp-caption-text\">Landung 6. Juni 1944<\/figcaption>\n\t\t\t\t\t\t\t\t\t\t<\/figure>\n\t\t\t\t\t\t\t\t\t<\/div>\n\t\t\t\t<\/div>\n\t\t\t\t<div class=\"elementor-element elementor-element-46fed8ed elementor-widget elementor-widget-text-editor\" data-id=\"46fed8ed\" data-element_type=\"widget\" data-e-type=\"widget\" data-widget_type=\"text-editor.default\">\n\t\t\t\t<div class=\"elementor-widget-container\">\n\t\t\t\t\t\t\t\t\t<p>Im Morgengrauen des 6. Juni 1944 begannen die alliierten Streitkr\u00e4fte mit einer der k\u00fchnsten und entscheidendsten Milit\u00e4roperationen des Zweiten Weltkriegs: der Landung in der Normandie.<\/p><p>80 Jahre sind seit der Landung und der Schlacht in der Normandie vergangen - Momente, die einen entscheidenden Wendepunkt in der Geschichte des Zweiten Weltkriegs darstellten und die Zukunft Europas und der Welt pr\u00e4gten. Diese Operation von beispielloser K\u00fchnheit und Komplexit\u00e4t demonstrierte den Mut, die Entschlossenheit und die Opferbereitschaft Tausender junger Soldaten aus den verschiedensten L\u00e4ndern, die f\u00fcr eine gemeinsame Sache vereint waren: die Befreiung Europas.<\/p><p>Ihre heldenhaften Aktionen an den Str\u00e4nden der Normandie und dar\u00fcber hinaus trugen nicht nur dazu bei, die deutsche Verteidigung zu brechen, sondern fl\u00f6\u00dften den unterdr\u00fcckten V\u00f6lkern auch neue Hoffnung ein. Heute, 80 Jahre sp\u00e4ter, bleibt das Erbe der Landung und der Schlacht in der Normandie unsterblich und symbolisiert die Werte Einheit, Mut und Opferbereitschaft.<\/p><p>Diese Ereignisse erinnern uns daran, dass Freiheit ein kostbares Gut ist, das oftmals unter immensen Opfern errungen wurde. An diesem Gedenktag w\u00fcrdigen wir die Tapferkeit dieser M\u00e4nner und Frauen, die f\u00fcr eine bessere Welt gek\u00e4mpft haben.<\/p>\t\t\t\t\t\t\t\t<\/div>\n\t\t\t\t<\/div>\n\t\t\t\t\t<\/div>\n\t\t<\/div>\n\t\t\t\t\t<\/div>\n\t\t<\/section>\n\t\t\t\t<section class=\"elementor-section elementor-top-section elementor-element elementor-element-4fe7d005 elementor-section-boxed elementor-section-height-default elementor-section-height-default\" data-id=\"4fe7d005\" data-element_type=\"section\" data-e-type=\"section\">\n\t\t\t\t\t\t<div class=\"elementor-container elementor-column-gap-default\">\n\t\t\t\t\t<div class=\"elementor-column elementor-col-100 elementor-top-column elementor-element elementor-element-4fa3cc24\" data-id=\"4fa3cc24\" data-element_type=\"column\" data-e-type=\"column\">\n\t\t\t<div class=\"elementor-widget-wrap elementor-element-populated\">\n\t\t\t\t\t\t<div class=\"elementor-element elementor-element-27aad177 elementor-widget elementor-widget-heading\" data-id=\"27aad177\" data-element_type=\"widget\" data-e-type=\"widget\" data-widget_type=\"heading.default\">\n\t\t\t\t<div class=\"elementor-widget-container\">\n\t\t\t\t\t<h2 class=\"elementor-heading-title elementor-size-default\">2. Die Bedeutung der Landung und der Schlacht in der Normandie<\/h2>\t\t\t\t<\/div>\n\t\t\t\t<\/div>\n\t\t\t\t<div class=\"elementor-element elementor-element-32780c0 elementor-widget elementor-widget-image\" data-id=\"32780c0\" data-element_type=\"widget\" data-e-type=\"widget\" data-widget_type=\"image.default\">\n\t\t\t\t<div class=\"elementor-widget-container\">\n\t\t\t\t\t\t\t\t\t\t\t\t<figure class=\"wp-caption\">\n\t\t\t\t\t\t\t\t\t\t<img decoding=\"async\" width=\"600\" height=\"300\" src=\"https:\/\/repliquemangacine.fr\/wp-content\/uploads\/2024\/02\/Le-D-Day.jpg\" class=\"attachment-large size-large wp-image-69091\" alt=\"80\u1d49 Jahrestag der Landung der Alliierten -D-Day\" srcset=\"https:\/\/repliquemangacine.fr\/wp-content\/uploads\/2024\/02\/Le-D-Day.jpg 600w, https:\/\/repliquemangacine.fr\/wp-content\/uploads\/2024\/02\/Le-D-Day-300x150.jpg 300w, https:\/\/repliquemangacine.fr\/wp-content\/uploads\/2024\/02\/Le-D-Day-64x32.jpg 64w\" sizes=\"(max-width: 600px) 100vw, 600px\" \/>\t\t\t\t\t\t\t\t\t\t\t<figcaption class=\"widget-image-caption wp-caption-text\">Der D-Day<\/figcaption>\n\t\t\t\t\t\t\t\t\t\t<\/figure>\n\t\t\t\t\t\t\t\t\t<\/div>\n\t\t\t\t<\/div>\n\t\t\t\t<div class=\"elementor-element elementor-element-66f8ed7c elementor-widget elementor-widget-text-editor\" data-id=\"66f8ed7c\" data-element_type=\"widget\" data-e-type=\"widget\" data-widget_type=\"text-editor.default\">\n\t\t\t\t<div class=\"elementor-widget-container\">\n\t\t\t\t\t\t\t\t\t<p>Der 6. Juni 1944 geht als der Tag in die Geschichte ein, an dem die alliierten Streitkr\u00e4fte eine der gr\u00f6\u00dften und k\u00fchnsten Milit\u00e4roperationen zur Befreiung Europas vom Joch der Nazis einleiteten: die Landung in der Normandie, auch bekannt als Operation Overlord.<\/p><p>An diesem Tag und in den darauffolgenden Tagen betraten Tausende junger M\u00e4nner aus rund 15 Nationen, darunter 177 mutige Franzosen des Kommandos Kieffer, die Str\u00e4nde der Normandie. Ihr Auftrag war klar, aber gef\u00e4hrlich: Sie sollten das Land befreien und den Weg f\u00fcr den Sieg \u00fcber Nazi-Deutschland ebnen.<\/p><p>Um Mitternacht am D-Day befanden sich bereits mehr als 150 000 alliierte Soldaten, unterst\u00fctzt von 23 000 Fallschirmj\u00e4gern und unter Einsatz von 20 000 Fahrzeugen aller Gr\u00f6\u00dfenordnungen, in der Normandie und markierten den Beginn einer beispiellosen Operation. Die Zahlen sprechen f\u00fcr sich: 12.000 M\u00e4nner zahlten den ultimativen Preis, lie\u00dfen trauernde Familien und Freunde zur\u00fcck, und das alles f\u00fcr das Versprechen einer besseren Zukunft. Es ist unbestreitbar, dass dieses kolossale Opfer nicht umsonst war.<\/p><p>In den folgenden drei Monaten erbitterter K\u00e4mpfe wurde die Normandie befreit und damit der Weg f\u00fcr die Befreiung von Paris und letztlich ganz Europa geebnet.<\/p>\t\t\t\t\t\t\t\t<\/div>\n\t\t\t\t<\/div>\n\t\t\t\t\t<\/div>\n\t\t<\/div>\n\t\t\t\t\t<\/div>\n\t\t<\/section>\n\t\t\t\t<section class=\"elementor-section elementor-top-section elementor-element elementor-element-2a183624 elementor-section-boxed elementor-section-height-default elementor-section-height-default\" data-id=\"2a183624\" data-element_type=\"section\" data-e-type=\"section\">\n\t\t\t\t\t\t<div class=\"elementor-container elementor-column-gap-default\">\n\t\t\t\t\t<div class=\"elementor-column elementor-col-100 elementor-top-column elementor-element elementor-element-67c521e5\" data-id=\"67c521e5\" data-element_type=\"column\" data-e-type=\"column\">\n\t\t\t<div class=\"elementor-widget-wrap elementor-element-populated\">\n\t\t\t\t\t\t<div class=\"elementor-element elementor-element-65c8db1d elementor-widget elementor-widget-heading\" data-id=\"65c8db1d\" data-element_type=\"widget\" data-e-type=\"widget\" data-widget_type=\"heading.default\">\n\t\t\t\t<div class=\"elementor-widget-container\">\n\t\t\t\t\t<h2 class=\"elementor-heading-title elementor-size-default\">3. 80\u1d49 Jahrestag der Landung der Alliierten: Kollektives Gedenken<\/h2>\t\t\t\t<\/div>\n\t\t\t\t<\/div>\n\t\t\t\t<div class=\"elementor-element elementor-element-51329646 elementor-widget elementor-widget-image\" data-id=\"51329646\" data-element_type=\"widget\" data-e-type=\"widget\" data-widget_type=\"image.default\">\n\t\t\t\t<div class=\"elementor-widget-container\">\n\t\t\t\t\t\t\t\t\t\t\t\t<figure class=\"wp-caption\">\n\t\t\t\t\t\t\t\t\t\t<img loading=\"lazy\" decoding=\"async\" width=\"600\" height=\"300\" src=\"https:\/\/repliquemangacine.fr\/wp-content\/uploads\/2024\/02\/Commemoration-officielle-70e-anniversaire.jpg\" class=\"attachment-large size-large wp-image-69114\" alt=\"Offizielles Gedenken an den 70\u1d49 Jahrestag\" srcset=\"https:\/\/repliquemangacine.fr\/wp-content\/uploads\/2024\/02\/Commemoration-officielle-70e-anniversaire.jpg 600w, https:\/\/repliquemangacine.fr\/wp-content\/uploads\/2024\/02\/Commemoration-officielle-70e-anniversaire-300x150.jpg 300w, https:\/\/repliquemangacine.fr\/wp-content\/uploads\/2024\/02\/Commemoration-officielle-70e-anniversaire-64x32.jpg 64w\" sizes=\"(max-width: 600px) 100vw, 600px\" \/>\t\t\t\t\t\t\t\t\t\t\t<figcaption class=\"widget-image-caption wp-caption-text\">Offizielles Gedenken an den 70\u1d49 Jahrestag<\/figcaption>\n\t\t\t\t\t\t\t\t\t\t<\/figure>\n\t\t\t\t\t\t\t\t\t<\/div>\n\t\t\t\t<\/div>\n\t\t\t\t<div class=\"elementor-element elementor-element-4933027d elementor-widget elementor-widget-text-editor\" data-id=\"4933027d\" data-element_type=\"widget\" data-e-type=\"widget\" data-widget_type=\"text-editor.default\">\n\t\t\t\t<div class=\"elementor-widget-container\">\n\t\t\t\t\t\t\t\t\t<p>Die Landung in der Normandie und die anschlie\u00dfenden Schlachten haben tiefe Spuren hinterlassen. Vor allem die Geschichte, aber auch die Kultur und das kollektive Ged\u00e4chtnis auf der ganzen Welt. Das monumentale Ereignis inspirierte unz\u00e4hlige Werke in Literatur, Film, Musik und Kunst und bildete den Hintergrund f\u00fcr Erz\u00e4hlungen \u00fcber Mut, Opferbereitschaft und menschliche Widerstandsf\u00e4higkeit.<\/p><p>Ikonische Filme, Romane, Dokumentarfilme und Videospiele haben das Wesen dieser historischen Episode eingefangen. Dadurch k\u00f6nnen neue Generationen das Ausma\u00df der Opfer, die f\u00fcr die Freiheit gebracht wurden, verstehen. Das j\u00e4hrliche Gedenken an die Landung der Alliierten st\u00e4rkt dieses kollektive Ged\u00e4chtnis. Bei den Zeremonien kommen nicht nur \u00dcberlebende und ihre Familien zusammen, sondern auch junge Menschen aus der ganzen Welt, um den Helden zu huldigen.<\/p><p>Diese Veranstaltungen und k\u00fcnstlerischen Darstellungen tragen dazu bei, die Erinnerung an die Schlachten aufrechtzuerhalten, und stellen sicher, dass die daraus gezogenen Lehren aktuell bleiben. Denn durch die Weitergabe dieser Geschichten wird das kollektive Ged\u00e4chtnis bereichert. Die Verbindung zwischen Vergangenheit und Gegenwart wird gest\u00e4rkt und damit die Bedeutung der Erhaltung von Frieden und Freiheit unterstrichen. Der kulturelle Einfluss der Landung in der Normandie \u00fcberdauert die Zeit und wird zu einem ewigen Symbol f\u00fcr den menschlichen Geist im Angesicht von Widrigkeiten.<\/p>\t\t\t\t\t\t\t\t<\/div>\n\t\t\t\t<\/div>\n\t\t\t\t\t<\/div>\n\t\t<\/div>\n\t\t\t\t\t<\/div>\n\t\t<\/section>\n\t\t\t\t<section class=\"elementor-section elementor-top-section elementor-element elementor-element-5b9f6d2b elementor-section-boxed elementor-section-height-default elementor-section-height-default\" data-id=\"5b9f6d2b\" data-element_type=\"section\" data-e-type=\"section\">\n\t\t\t\t\t\t<div class=\"elementor-container elementor-column-gap-default\">\n\t\t\t\t\t<div class=\"elementor-column elementor-col-100 elementor-top-column elementor-element elementor-element-1d60e0b0\" data-id=\"1d60e0b0\" data-element_type=\"column\" data-e-type=\"column\">\n\t\t\t<div class=\"elementor-widget-wrap elementor-element-populated\">\n\t\t\t\t\t\t<div class=\"elementor-element elementor-element-1f680f71 elementor-widget elementor-widget-heading\" data-id=\"1f680f71\" data-element_type=\"widget\" data-e-type=\"widget\" data-widget_type=\"heading.default\">\n\t\t\t\t<div class=\"elementor-widget-container\">\n\t\t\t\t\t<h2 class=\"elementor-heading-title elementor-size-default\">4. Verewigen Sie die Geschichte mit authentischen Repliken<\/h2>\t\t\t\t<\/div>\n\t\t\t\t<\/div>\n\t\t\t\t<div class=\"elementor-element elementor-element-5301e441 elementor-widget elementor-widget-image\" data-id=\"5301e441\" data-element_type=\"widget\" data-e-type=\"widget\" data-widget_type=\"image.default\">\n\t\t\t\t<div class=\"elementor-widget-container\">\n\t\t\t\t\t\t\t\t\t\t\t\t<figure class=\"wp-caption\">\n\t\t\t\t\t\t\t\t\t\t<img loading=\"lazy\" decoding=\"async\" width=\"600\" height=\"300\" src=\"https:\/\/repliquemangacine.fr\/wp-content\/uploads\/2024\/02\/Les-armes-Seconde-Guerre-Mondiale-debarquement.jpg\" class=\"attachment-large size-large wp-image-69125\" alt=\"80\u1d49 Jahrestag des D-Day- die Waffen\" srcset=\"https:\/\/repliquemangacine.fr\/wp-content\/uploads\/2024\/02\/Les-armes-Seconde-Guerre-Mondiale-debarquement.jpg 600w, https:\/\/repliquemangacine.fr\/wp-content\/uploads\/2024\/02\/Les-armes-Seconde-Guerre-Mondiale-debarquement-300x150.jpg 300w, https:\/\/repliquemangacine.fr\/wp-content\/uploads\/2024\/02\/Les-armes-Seconde-Guerre-Mondiale-debarquement-64x32.jpg 64w\" sizes=\"(max-width: 600px) 100vw, 600px\" \/>\t\t\t\t\t\t\t\t\t\t\t<figcaption class=\"widget-image-caption wp-caption-text\">Die Waffen der Landung<\/figcaption>\n\t\t\t\t\t\t\t\t\t\t<\/figure>\n\t\t\t\t\t\t\t\t\t<\/div>\n\t\t\t\t<\/div>\n\t\t\t\t<div class=\"elementor-element elementor-element-f08837d elementor-widget elementor-widget-text-editor\" data-id=\"f08837d\" data-element_type=\"widget\" data-e-type=\"widget\" data-widget_type=\"text-editor.default\">\n\t\t\t\t<div class=\"elementor-widget-container\">\n\t\t\t\t\t\t\t\t\t<p>In unserem Bestreben, die Geschichte jedes Einzelnen n\u00e4her zu bringen. Wir bieten eine sorgf\u00e4ltige Auswahl an Repliken von Waffen der Marke Denix an. So k\u00f6nnen unsere Kunden die Relikte einer vergangenen Epoche mit den Fingern ber\u00fchren.<\/p><p>Zu diesen Sammlerst\u00fccken geh\u00f6rt auch der <a href=\"https:\/\/repliquemangacine.fr\/de\/waffenreproduktionen-zweiter-weltkrieg-denix\/gewehr-m1-garand\/\">Garand M1<\/a> zeichnet sich aus, da diese ikonische Waffe den alliierten Streitkr\u00e4ften als St\u00fctzpfeiler gedient hat. Die <a href=\"https:\/\/repliquemangacine.fr\/de\/denix\/maschinengewehr-mp40-sub-machin-gun\/\">Maschinenpistole MP40<\/a>mit ihrem wiedererkennbaren Design erinnert an die intensiven Schlachten, an denen sie teilgenommen hat. Die <a href=\"https:\/\/repliquemangacine.fr\/de\/denix\/abnehmbare-automatische-pistole-m1911a1\/\">Pistole M1911 A1<\/a> und die Mauser-Pistole C96 sind ebenfalls Ikonen. Ihre Silhouetten und Mechanismen haben die Zeiten \u00fcberdauert und zeugen vom menschlichen Genie in der Waffenherstellung.<\/p><p>Unsere Sammlung wird um historische Accessoires erweitert, wie z. B. die <a href=\"https:\/\/repliquemangacine.fr\/de\/waffen-accessoires-weltkrieg\/granatapfel-m24-reinheitspresse\/\">deutsche Granaten<\/a> und USA, sowie Helme und viele andere Accessoires. Diese originalgetreuen Nachbildungen erm\u00f6glichen es, neue Generationen f\u00fcr die Realit\u00e4ten der Konflikte zu sensibilisieren, die unsere Welt gepr\u00e4gt haben.<\/p><p>Indem Sie diese M\u00fcnzen in Ihre Sammlung aufnehmen, machen Sie Geschichte unsterblich und ehren die M\u00e4nner und Frauen, die f\u00fcr Freiheit und Gerechtigkeit gek\u00e4mpft haben. Diese authentischen Repliken bieten ein einzigartiges Fenster in die Vergangenheit. Sie laden zum Nachdenken und Gedenken ein und bereichern Ihren Raum mit ihrem historischen und p\u00e4dagogischen Wert.<\/p>\t\t\t\t\t\t\t\t<\/div>\n\t\t\t\t<\/div>\n\t\t\t\t\t<\/div>\n\t\t<\/div>\n\t\t\t\t\t<\/div>\n\t\t<\/section>\n\t\t\t\t<section class=\"elementor-section elementor-top-section elementor-element elementor-element-a96ef79 elementor-section-boxed elementor-section-height-default elementor-section-height-default\" data-id=\"a96ef79\" data-element_type=\"section\" data-e-type=\"section\">\n\t\t\t\t\t\t<div class=\"elementor-container elementor-column-gap-default\">\n\t\t\t\t\t<div class=\"elementor-column elementor-col-100 elementor-top-column elementor-element elementor-element-1e30a64\" data-id=\"1e30a64\" data-element_type=\"column\" data-e-type=\"column\">\n\t\t\t<div class=\"elementor-widget-wrap elementor-element-populated\">\n\t\t\t\t\t\t<div class=\"elementor-element elementor-element-315d461 elementor-widget elementor-widget-heading\" data-id=\"315d461\" data-element_type=\"widget\" data-e-type=\"widget\" data-widget_type=\"heading.default\">\n\t\t\t\t<div class=\"elementor-widget-container\">\n\t\t\t\t\t<h2 class=\"elementor-heading-title elementor-size-default\">5. 80\u1d49 Jahrestag der Landung der Alliierten: Unverzichtbare Orte und Museen\n<\/h2>\t\t\t\t<\/div>\n\t\t\t\t<\/div>\n\t\t\t\t<div class=\"elementor-element elementor-element-0cdcdae elementor-widget elementor-widget-image\" data-id=\"0cdcdae\" data-element_type=\"widget\" data-e-type=\"widget\" data-widget_type=\"image.default\">\n\t\t\t\t<div class=\"elementor-widget-container\">\n\t\t\t\t\t\t\t\t\t\t\t\t<figure class=\"wp-caption\">\n\t\t\t\t\t\t\t\t\t\t<img loading=\"lazy\" decoding=\"async\" width=\"600\" height=\"300\" src=\"https:\/\/repliquemangacine.fr\/wp-content\/uploads\/2024\/02\/Cimetiere-Americain-dOmaha-Beach.jpg\" class=\"attachment-large size-large wp-image-69129\" alt=\"Historische St\u00e4tte Amerikanischer Friedhof Omaha-Beach\" srcset=\"https:\/\/repliquemangacine.fr\/wp-content\/uploads\/2024\/02\/Cimetiere-Americain-dOmaha-Beach.jpg 600w, https:\/\/repliquemangacine.fr\/wp-content\/uploads\/2024\/02\/Cimetiere-Americain-dOmaha-Beach-300x150.jpg 300w, https:\/\/repliquemangacine.fr\/wp-content\/uploads\/2024\/02\/Cimetiere-Americain-dOmaha-Beach-64x32.jpg 64w\" sizes=\"(max-width: 600px) 100vw, 600px\" \/>\t\t\t\t\t\t\t\t\t\t\t<figcaption class=\"widget-image-caption wp-caption-text\">Amerikanischer Friedhof in Omaha-Beach<\/figcaption>\n\t\t\t\t\t\t\t\t\t\t<\/figure>\n\t\t\t\t\t\t\t\t\t<\/div>\n\t\t\t\t<\/div>\n\t\t\t\t<div class=\"elementor-element elementor-element-c494359 elementor-widget elementor-widget-text-editor\" data-id=\"c494359\" data-element_type=\"widget\" data-e-type=\"widget\" data-widget_type=\"text-editor.default\">\n\t\t\t\t<div class=\"elementor-widget-container\">\n\t\t\t\t\t\t\t\t\t<p>Die Geschichte des D-Days l\u00e4sst sich nicht nur in B\u00fcchern oder Dokumentarfilmen erz\u00e4hlen. Sondern auch, indem man die Orte besucht, an denen dieses historische Kapitel stattgefunden hat. In der Normandie gibt es eine Vielzahl von St\u00e4tten und Museen, die der Landung der Alliierten am 6. Juni 1944 gewidmet sind. Sie bieten einen tiefen Einblick in die Ereignisse, die den Verlauf des Zweiten Weltkriegs ver\u00e4ndert haben.<\/p><p>Dazu geh\u00f6ren das Museum of<a href=\"https:\/\/utah-beach.com\/\" target=\"_blank\" rel=\"noopener noreferrer\">Utah Beach<\/a> zeigt eine beeindruckende Sammlung von Objekten und Zeugnissen, die mit der Landung auf diesem Strand in Verbindung stehen. Das M\u00e9morial de Caen bietet mit seinen ergreifenden Ausstellungen eine Reflexion \u00fcber Krieg und Frieden. Der Amerikanische Friedhof mit Blick auf Omaha Beach bietet einen Ort der Besinnung f\u00fcr die Tausenden gefallenen Soldaten. Nicht weit entfernt befindet sich der <a href=\"https:\/\/airborne-museum.org\/\" target=\"_blank\" rel=\"noopener noreferrer\">Airborne Museum<\/a> in Sainte-M\u00e8re-\u00c9glise ehrt die alliierten Fallschirmj\u00e4ger und ihre heldenhaften Taten. Schlie\u00dflich bleibt der Pointe du Hoc mit seinen Klippen und Bunkern ein ergreifendes Zeugnis f\u00fcr die K\u00fchnheit des amerikanischen Luftangriffs.<\/p><p>Zusammenfassend l\u00e4sst sich sagen, dass jede dieser St\u00e4tten und Museen einen Stein zum Geb\u00e4ude unseres kollektiven Ged\u00e4chtnisses beitr\u00e4gt. Indem sie es erm\u00f6glichen, das Ausma\u00df und die Komplexit\u00e4t der Operation Overlord zu erfassen. Also durch die Ehrung derjenigen, die ihr Leben opferten, um <strong>Unser<\/strong> Freiheit.<\/p>\t\t\t\t\t\t\t\t<\/div>\n\t\t\t\t<\/div>\n\t\t\t\t\t<\/div>\n\t\t<\/div>\n\t\t\t\t\t<\/div>\n\t\t<\/section>\n\t\t\t\t<\/div>","protected":false},"excerpt":{"rendered":"<p>Pour commencer, cette ann\u00e9e 2024 sera marqu\u00e9 avec beaucoup d&#8217;\u00e9motions par le 80\u1d49 anniversaire du D\u00e9barquement et la Bataille de Normandie. Comm\u00e9moration internationale en pr\u00e9sence de chefs d\u2019\u00c9tat, feux d\u2019artifices g\u00e9ants, concerts, parachutages, bals\u2026 Le 6 juin 2024, la c\u00e9r\u00e9monie internationale se d\u00e9roulera \u00e0 Saint-Laurent-sur-Mer (Omaha Beach). Elle ne sera accessible que sur invitation. Aux [&hellip;]<\/p>\n","protected":false},"author":7689,"featured_media":69154,"comment_status":"open","ping_status":"open","sticky":false,"template":"","format":"standard","meta":{"footnotes":""},"categories":[840],"tags":[],"class_list":["post-69071","post","type-post","status-publish","format-standard","has-post-thumbnail","hentry","category-evenements"],"yoast_head":"<!-- This site is optimized with the Yoast SEO plugin v27.5 - https:\/\/yoast.com\/product\/yoast-seo-wordpress\/ -->\n<title>80\u1d49 anniversaire du D\u00e9barquement de Normandie | R\u00e9plique Manga Cin\u00e9<\/title>\n<meta name=\"description\" content=\"Plongez dans le 80\u1d49 anniversaire du D\u00e9barquement et la Bataille de Normandie : un hommage aux h\u00e9ros, une c\u00e9l\u00e9bration pour ne jamais oublier.\" \/>\n<meta name=\"robots\" content=\"index, follow, max-snippet:-1, max-image-preview:large, max-video-preview:-1\" \/>\n<link rel=\"canonical\" href=\"https:\/\/repliquemangacine.fr\/de\/80\u1d49-jahrestag-des-d-days\/\" \/>\n<meta property=\"og:locale\" content=\"de_DE\" \/>\n<meta property=\"og:type\" content=\"article\" \/>\n<meta property=\"og:title\" content=\"80\u1d49 anniversaire du D\u00e9barquement de Normandie | R\u00e9plique Manga Cin\u00e9\" \/>\n<meta property=\"og:description\" content=\"Plongez dans le 80\u1d49 anniversaire du D\u00e9barquement et la Bataille de Normandie : un hommage aux h\u00e9ros, une c\u00e9l\u00e9bration pour ne jamais oublier.\" \/>\n<meta property=\"og:url\" content=\"https:\/\/repliquemangacine.fr\/de\/80\u1d49-jahrestag-des-d-days\/\" \/>\n<meta property=\"og:site_name\" content=\"R\u00e9plique Manga Cin\u00e9\" \/>\n<meta property=\"article:publisher\" content=\"https:\/\/www.facebook.com\/RepliqueMangaCine\" \/>\n<meta property=\"article:published_time\" content=\"2024-02-10T18:22:43+00:00\" \/>\n<meta property=\"article:modified_time\" content=\"2024-03-19T13:49:16+00:00\" \/>\n<meta property=\"og:image\" content=\"https:\/\/repliquemangacine.fr\/wp-content\/uploads\/2024\/02\/80e-anniversaire-du-debarquement-1.jpg\" \/>\n\t<meta property=\"og:image:width\" content=\"600\" \/>\n\t<meta property=\"og:image:height\" content=\"300\" \/>\n\t<meta property=\"og:image:type\" content=\"image\/jpeg\" \/>\n<meta name=\"author\" content=\"coquizart RMC\" \/>\n<meta name=\"twitter:card\" content=\"summary_large_image\" \/>\n<meta name=\"twitter:label1\" content=\"Verfasst von\" \/>\n\t<meta name=\"twitter:data1\" content=\"coquizart RMC\" \/>\n\t<meta name=\"twitter:label2\" content=\"Gesch\u00e4tzte Lesezeit\" \/>\n\t<meta name=\"twitter:data2\" content=\"8\u00a0Minuten\" \/>\n<script type=\"application\/ld+json\" class=\"yoast-schema-graph\">{\"@context\":\"https:\\\/\\\/schema.org\",\"@graph\":[{\"@type\":[\"Article\",\"BlogPosting\"],\"@id\":\"https:\\\/\\\/repliquemangacine.fr\\\/80%e1%b5%89-anniversaire-du-debarquement\\\/#article\",\"isPartOf\":{\"@id\":\"https:\\\/\\\/repliquemangacine.fr\\\/80%e1%b5%89-anniversaire-du-debarquement\\\/\"},\"author\":{\"name\":\"coquizart RMC\",\"@id\":\"https:\\\/\\\/repliquemangacine.fr\\\/#\\\/schema\\\/person\\\/08aed5adc9a5f0461480af5bd8fda389\"},\"headline\":\"80\u1d49 anniversaire du D\u00e9barquement de Normandie\",\"datePublished\":\"2024-02-10T18:22:43+00:00\",\"dateModified\":\"2024-03-19T13:49:16+00:00\",\"mainEntityOfPage\":{\"@id\":\"https:\\\/\\\/repliquemangacine.fr\\\/80%e1%b5%89-anniversaire-du-debarquement\\\/\"},\"wordCount\":1348,\"commentCount\":0,\"publisher\":{\"@id\":\"https:\\\/\\\/repliquemangacine.fr\\\/#organization\"},\"image\":{\"@id\":\"https:\\\/\\\/repliquemangacine.fr\\\/80%e1%b5%89-anniversaire-du-debarquement\\\/#primaryimage\"},\"thumbnailUrl\":\"https:\\\/\\\/repliquemangacine.fr\\\/wp-content\\\/uploads\\\/2024\\\/02\\\/80e-anniversaire-du-debarquement-1.jpg\",\"articleSection\":[\"Ev\u00e8nements\"],\"inLanguage\":\"de\",\"potentialAction\":[{\"@type\":\"CommentAction\",\"name\":\"Comment\",\"target\":[\"https:\\\/\\\/repliquemangacine.fr\\\/80%e1%b5%89-anniversaire-du-debarquement\\\/#respond\"]}]},{\"@type\":\"WebPage\",\"@id\":\"https:\\\/\\\/repliquemangacine.fr\\\/80%e1%b5%89-anniversaire-du-debarquement\\\/\",\"url\":\"https:\\\/\\\/repliquemangacine.fr\\\/80%e1%b5%89-anniversaire-du-debarquement\\\/\",\"name\":\"80\u1d49 anniversaire du D\u00e9barquement de Normandie | R\u00e9plique Manga Cin\u00e9\",\"isPartOf\":{\"@id\":\"https:\\\/\\\/repliquemangacine.fr\\\/#website\"},\"primaryImageOfPage\":{\"@id\":\"https:\\\/\\\/repliquemangacine.fr\\\/80%e1%b5%89-anniversaire-du-debarquement\\\/#primaryimage\"},\"image\":{\"@id\":\"https:\\\/\\\/repliquemangacine.fr\\\/80%e1%b5%89-anniversaire-du-debarquement\\\/#primaryimage\"},\"thumbnailUrl\":\"https:\\\/\\\/repliquemangacine.fr\\\/wp-content\\\/uploads\\\/2024\\\/02\\\/80e-anniversaire-du-debarquement-1.jpg\",\"datePublished\":\"2024-02-10T18:22:43+00:00\",\"dateModified\":\"2024-03-19T13:49:16+00:00\",\"description\":\"Plongez dans le 80\u1d49 anniversaire du D\u00e9barquement et la Bataille de Normandie : un hommage aux h\u00e9ros, une c\u00e9l\u00e9bration pour ne jamais oublier.\",\"breadcrumb\":{\"@id\":\"https:\\\/\\\/repliquemangacine.fr\\\/80%e1%b5%89-anniversaire-du-debarquement\\\/#breadcrumb\"},\"inLanguage\":\"de\",\"potentialAction\":[{\"@type\":\"ReadAction\",\"target\":[\"https:\\\/\\\/repliquemangacine.fr\\\/80%e1%b5%89-anniversaire-du-debarquement\\\/\"]}]},{\"@type\":\"ImageObject\",\"inLanguage\":\"de\",\"@id\":\"https:\\\/\\\/repliquemangacine.fr\\\/80%e1%b5%89-anniversaire-du-debarquement\\\/#primaryimage\",\"url\":\"https:\\\/\\\/repliquemangacine.fr\\\/wp-content\\\/uploads\\\/2024\\\/02\\\/80e-anniversaire-du-debarquement-1.jpg\",\"contentUrl\":\"https:\\\/\\\/repliquemangacine.fr\\\/wp-content\\\/uploads\\\/2024\\\/02\\\/80e-anniversaire-du-debarquement-1.jpg\",\"width\":600,\"height\":300,\"caption\":\"80e-anniversaire-du-d\u00e9barquement- blog\"},{\"@type\":\"BreadcrumbList\",\"@id\":\"https:\\\/\\\/repliquemangacine.fr\\\/80%e1%b5%89-anniversaire-du-debarquement\\\/#breadcrumb\",\"itemListElement\":[{\"@type\":\"ListItem\",\"position\":1,\"name\":\"Accueil\",\"item\":\"https:\\\/\\\/repliquemangacine.fr\\\/\"},{\"@type\":\"ListItem\",\"position\":2,\"name\":\"80\u1d49 anniversaire du D\u00e9barquement de Normandie\"}]},{\"@type\":\"WebSite\",\"@id\":\"https:\\\/\\\/repliquemangacine.fr\\\/#website\",\"url\":\"https:\\\/\\\/repliquemangacine.fr\\\/\",\"name\":\"R\u00e9plique Manga Cin\u00e9\",\"description\":\"\",\"publisher\":{\"@id\":\"https:\\\/\\\/repliquemangacine.fr\\\/#organization\"},\"potentialAction\":[{\"@type\":\"SearchAction\",\"target\":{\"@type\":\"EntryPoint\",\"urlTemplate\":\"https:\\\/\\\/repliquemangacine.fr\\\/?s={search_term_string}\"},\"query-input\":{\"@type\":\"PropertyValueSpecification\",\"valueRequired\":true,\"valueName\":\"search_term_string\"}}],\"inLanguage\":\"de\"},{\"@type\":\"Organization\",\"@id\":\"https:\\\/\\\/repliquemangacine.fr\\\/#organization\",\"name\":\"R\u00e9plique Manga Cin\u00e9\",\"url\":\"https:\\\/\\\/repliquemangacine.fr\\\/\",\"logo\":{\"@type\":\"ImageObject\",\"inLanguage\":\"de\",\"@id\":\"https:\\\/\\\/repliquemangacine.fr\\\/#\\\/schema\\\/logo\\\/image\\\/\",\"url\":\"https:\\\/\\\/repliquemangacine.fr\\\/wp-content\\\/uploads\\\/2023\\\/10\\\/RMC-500250.png\",\"contentUrl\":\"https:\\\/\\\/repliquemangacine.fr\\\/wp-content\\\/uploads\\\/2023\\\/10\\\/RMC-500250.png\",\"width\":500,\"height\":250,\"caption\":\"R\u00e9plique Manga Cin\u00e9\"},\"image\":{\"@id\":\"https:\\\/\\\/repliquemangacine.fr\\\/#\\\/schema\\\/logo\\\/image\\\/\"},\"sameAs\":[\"https:\\\/\\\/www.facebook.com\\\/RepliqueMangaCine\",\"https:\\\/\\\/www.instagram.com\\\/repliquemangacine.fr\\\/\"]},{\"@type\":\"Person\",\"@id\":\"https:\\\/\\\/repliquemangacine.fr\\\/#\\\/schema\\\/person\\\/08aed5adc9a5f0461480af5bd8fda389\",\"name\":\"coquizart RMC\"}]}<\/script>\n<!-- \/ Yoast SEO plugin. -->","yoast_head_json":{"title":"80\u1d49 Jahrestag der Landung in der Normandie | R\u00e9plique Manga Cin\u00e9","description":"Tauchen Sie ein in den 80\u1d49 Jahrestag der Landung und der Schlacht um die Normandie: eine Hommage an die Helden, eine Feier, um niemals zu vergessen.","robots":{"index":"index","follow":"follow","max-snippet":"max-snippet:-1","max-image-preview":"max-image-preview:large","max-video-preview":"max-video-preview:-1"},"canonical":"https:\/\/repliquemangacine.fr\/de\/80\u1d49-jahrestag-des-d-days\/","og_locale":"de_DE","og_type":"article","og_title":"80\u1d49 anniversaire du D\u00e9barquement de Normandie | R\u00e9plique Manga Cin\u00e9","og_description":"Plongez dans le 80\u1d49 anniversaire du D\u00e9barquement et la Bataille de Normandie : un hommage aux h\u00e9ros, une c\u00e9l\u00e9bration pour ne jamais oublier.","og_url":"https:\/\/repliquemangacine.fr\/de\/80\u1d49-jahrestag-des-d-days\/","og_site_name":"R\u00e9plique Manga Cin\u00e9","article_publisher":"https:\/\/www.facebook.com\/RepliqueMangaCine","article_published_time":"2024-02-10T18:22:43+00:00","article_modified_time":"2024-03-19T13:49:16+00:00","og_image":[{"width":600,"height":300,"url":"https:\/\/repliquemangacine.fr\/wp-content\/uploads\/2024\/02\/80e-anniversaire-du-debarquement-1.jpg","type":"image\/jpeg"}],"author":"coquizart RMC","twitter_card":"summary_large_image","twitter_misc":{"Verfasst von":"coquizart RMC","Gesch\u00e4tzte Lesezeit":"8\u00a0Minuten"},"schema":{"@context":"https:\/\/schema.org","@graph":[{"@type":["Article","BlogPosting"],"@id":"https:\/\/repliquemangacine.fr\/80%e1%b5%89-anniversaire-du-debarquement\/#article","isPartOf":{"@id":"https:\/\/repliquemangacine.fr\/80%e1%b5%89-anniversaire-du-debarquement\/"},"author":{"name":"coquizart RMC","@id":"https:\/\/repliquemangacine.fr\/#\/schema\/person\/08aed5adc9a5f0461480af5bd8fda389"},"headline":"80\u1d49 anniversaire du D\u00e9barquement de Normandie","datePublished":"2024-02-10T18:22:43+00:00","dateModified":"2024-03-19T13:49:16+00:00","mainEntityOfPage":{"@id":"https:\/\/repliquemangacine.fr\/80%e1%b5%89-anniversaire-du-debarquement\/"},"wordCount":1348,"commentCount":0,"publisher":{"@id":"https:\/\/repliquemangacine.fr\/#organization"},"image":{"@id":"https:\/\/repliquemangacine.fr\/80%e1%b5%89-anniversaire-du-debarquement\/#primaryimage"},"thumbnailUrl":"https:\/\/repliquemangacine.fr\/wp-content\/uploads\/2024\/02\/80e-anniversaire-du-debarquement-1.jpg","articleSection":["Ev\u00e8nements"],"inLanguage":"de","potentialAction":[{"@type":"CommentAction","name":"Comment","target":["https:\/\/repliquemangacine.fr\/80%e1%b5%89-anniversaire-du-debarquement\/#respond"]}]},{"@type":"WebPage","@id":"https:\/\/repliquemangacine.fr\/80%e1%b5%89-anniversaire-du-debarquement\/","url":"https:\/\/repliquemangacine.fr\/80%e1%b5%89-anniversaire-du-debarquement\/","name":"80\u1d49 Jahrestag der Landung in der Normandie | R\u00e9plique Manga Cin\u00e9","isPartOf":{"@id":"https:\/\/repliquemangacine.fr\/#website"},"primaryImageOfPage":{"@id":"https:\/\/repliquemangacine.fr\/80%e1%b5%89-anniversaire-du-debarquement\/#primaryimage"},"image":{"@id":"https:\/\/repliquemangacine.fr\/80%e1%b5%89-anniversaire-du-debarquement\/#primaryimage"},"thumbnailUrl":"https:\/\/repliquemangacine.fr\/wp-content\/uploads\/2024\/02\/80e-anniversaire-du-debarquement-1.jpg","datePublished":"2024-02-10T18:22:43+00:00","dateModified":"2024-03-19T13:49:16+00:00","description":"Tauchen Sie ein in den 80\u1d49 Jahrestag der Landung und der Schlacht um die Normandie: eine Hommage an die Helden, eine Feier, um niemals zu vergessen.","breadcrumb":{"@id":"https:\/\/repliquemangacine.fr\/80%e1%b5%89-anniversaire-du-debarquement\/#breadcrumb"},"inLanguage":"de","potentialAction":[{"@type":"ReadAction","target":["https:\/\/repliquemangacine.fr\/80%e1%b5%89-anniversaire-du-debarquement\/"]}]},{"@type":"ImageObject","inLanguage":"de","@id":"https:\/\/repliquemangacine.fr\/80%e1%b5%89-anniversaire-du-debarquement\/#primaryimage","url":"https:\/\/repliquemangacine.fr\/wp-content\/uploads\/2024\/02\/80e-anniversaire-du-debarquement-1.jpg","contentUrl":"https:\/\/repliquemangacine.fr\/wp-content\/uploads\/2024\/02\/80e-anniversaire-du-debarquement-1.jpg","width":600,"height":300,"caption":"80e-anniversaire-du-d\u00e9barquement- blog"},{"@type":"BreadcrumbList","@id":"https:\/\/repliquemangacine.fr\/80%e1%b5%89-anniversaire-du-debarquement\/#breadcrumb","itemListElement":[{"@type":"ListItem","position":1,"name":"Accueil","item":"https:\/\/repliquemangacine.fr\/"},{"@type":"ListItem","position":2,"name":"80\u1d49 anniversaire du D\u00e9barquement de Normandie"}]},{"@type":"WebSite","@id":"https:\/\/repliquemangacine.fr\/#website","url":"https:\/\/repliquemangacine.fr\/","name":"R\u00e9plique Manga Cin\u00e9","description":"","publisher":{"@id":"https:\/\/repliquemangacine.fr\/#organization"},"potentialAction":[{"@type":"SearchAction","target":{"@type":"EntryPoint","urlTemplate":"https:\/\/repliquemangacine.fr\/?s={search_term_string}"},"query-input":{"@type":"PropertyValueSpecification","valueRequired":true,"valueName":"search_term_string"}}],"inLanguage":"de"},{"@type":"Organization","@id":"https:\/\/repliquemangacine.fr\/#organization","name":"R\u00e9plique Manga Cin\u00e9","url":"https:\/\/repliquemangacine.fr\/","logo":{"@type":"ImageObject","inLanguage":"de","@id":"https:\/\/repliquemangacine.fr\/#\/schema\/logo\/image\/","url":"https:\/\/repliquemangacine.fr\/wp-content\/uploads\/2023\/10\/RMC-500250.png","contentUrl":"https:\/\/repliquemangacine.fr\/wp-content\/uploads\/2023\/10\/RMC-500250.png","width":500,"height":250,"caption":"R\u00e9plique Manga Cin\u00e9"},"image":{"@id":"https:\/\/repliquemangacine.fr\/#\/schema\/logo\/image\/"},"sameAs":["https:\/\/www.facebook.com\/RepliqueMangaCine","https:\/\/www.instagram.com\/repliquemangacine.fr\/"]},{"@type":"Person","@id":"https:\/\/repliquemangacine.fr\/#\/schema\/person\/08aed5adc9a5f0461480af5bd8fda389","name":"coquizart RMC"}]}},"_links":{"self":[{"href":"https:\/\/repliquemangacine.fr\/de\/wp-json\/wp\/v2\/posts\/69071","targetHints":{"allow":["GET"]}}],"collection":[{"href":"https:\/\/repliquemangacine.fr\/de\/wp-json\/wp\/v2\/posts"}],"about":[{"href":"https:\/\/repliquemangacine.fr\/de\/wp-json\/wp\/v2\/types\/post"}],"author":[{"embeddable":true,"href":"https:\/\/repliquemangacine.fr\/de\/wp-json\/wp\/v2\/users\/7689"}],"replies":[{"embeddable":true,"href":"https:\/\/repliquemangacine.fr\/de\/wp-json\/wp\/v2\/comments?post=69071"}],"version-history":[{"count":1,"href":"https:\/\/repliquemangacine.fr\/de\/wp-json\/wp\/v2\/posts\/69071\/revisions"}],"predecessor-version":[{"id":96286,"href":"https:\/\/repliquemangacine.fr\/de\/wp-json\/wp\/v2\/posts\/69071\/revisions\/96286"}],"wp:featuredmedia":[{"embeddable":true,"href":"https:\/\/repliquemangacine.fr\/de\/wp-json\/wp\/v2\/media\/69154"}],"wp:attachment":[{"href":"https:\/\/repliquemangacine.fr\/de\/wp-json\/wp\/v2\/media?parent=69071"}],"wp:term":[{"taxonomy":"category","embeddable":true,"href":"https:\/\/repliquemangacine.fr\/de\/wp-json\/wp\/v2\/categories?post=69071"},{"taxonomy":"post_tag","embeddable":true,"href":"https:\/\/repliquemangacine.fr\/de\/wp-json\/wp\/v2\/tags?post=69071"}],"curies":[{"name":"wp","href":"https:\/\/api.w.org\/{rel}","templated":true}]}}